{"id":153226,"date":"2014-07-26T18:23:38","date_gmt":"2014-07-26T16:23:38","guid":{"rendered":"http:\/\/www.radioluna.it\/news\/?p=153226"},"modified":"2014-07-26T18:23:38","modified_gmt":"2014-07-26T16:23:38","slug":"coldiretti-mancato-rinnovo-prezzo-del-latte-chiesto-intervento-della-regione","status":"publish","type":"post","link":"https:\/\/www.radioluna.it\/news\/2014\/07\/coldiretti-mancato-rinnovo-prezzo-del-latte-chiesto-intervento-della-regione\/","title":{"rendered":"Coldiretti, mancato rinnovo prezzo del latte. Chiesto intervento della Regione"},"content":{"rendered":"<div id=\"fb-root\"><\/div>\n<div id=\"attachment_153227\" style=\"width: 586px\" class=\"wp-caption aligncenter\"><img loading=\"lazy\" decoding=\"async\" aria-describedby=\"caption-attachment-153227\" class=\"size-full wp-image-153227\" src=\"http:\/\/www.radioluna.it\/news\/wp-content\/uploads\/2014\/07\/viola-crocetti.jpg\" alt=\"Viola e Crocetti\" width=\"576\" height=\"501\" srcset=\"https:\/\/www.radioluna.it\/news\/wp-content\/uploads\/2014\/07\/viola-crocetti.jpg 576w, https:\/\/www.radioluna.it\/news\/wp-content\/uploads\/2014\/07\/viola-crocetti-300x261.jpg 300w, https:\/\/www.radioluna.it\/news\/wp-content\/uploads\/2014\/07\/viola-crocetti-500x435.jpg 500w\" sizes=\"auto, (max-width: 576px) 100vw, 576px\" \/><p id=\"caption-attachment-153227\" class=\"wp-caption-text\">Viola e Crocetti<\/p><\/div>\n<p style=\"text-align: justify;\">LATINA &#8211; Sulla questione del mancato\u00a0rinnovo del\u00a0prezzo del latte,\u00a0Saverio Viola, direttore di Coldiretti Frosinone e Latina\u00a0ribadisce l&#8217;importanza di un intervento dell&#8217;Assessorato all\u2019Agricoltura.\u00a0\u201cLa Coldiretti &#8211; ha ricordato il direttore Viola &#8211; \u00e8 scesa in campo pi\u00f9 volte anche con azioni molto forti in nome della tutela della qualit\u00e0 e dell&#8217;origine del nostro latte, come nel caso\u00a0della\u00a0questione della Centrale del Latte di Roma, sulle cui vicende proprietarie e gestionali questa organizzazione si \u00e8 espressa con l&#8217;obiettivo di arrivare ad un maggiore protagonismo del mondo allevatoriale\u201d.<br \/>\nIl mercato del latte vaccino alla stalla si muove in un contesto di concorrenza mondiale all&#8217;interno del quale giocano diversi fattori legati ai meccanismi della domanda e dell&#8217;offerta nonch\u00e9 alla destinazione (latte alimentare, formaggi, burro, ecc) del latte stesso.\u00a0Finora, infatti, una complessa normativa doganale ha impedito l&#8217;accessibilit\u00e0 ai dati, con una mancanza di trasparenza sulla provenienza degli alimenti provocando gravi turbative sul mercato ed ansia e preoccupazione nei consumatori. Una mancanza di trasparenza che ha arrecato danno ai prodotti simbolo del Made in Italy.\u00a0Tutto questo si traduce in perdita di qualit\u00e0 e della specificit\u00e0 del nostro latte con il rischio di chiusura di centinaia di imprese zootecniche nel Lazio.\u00a0La Coldiretti- hanno sottolineato i presidenti di Coldiretti Latina, Carlo Crocetti e Vinicio Savone, Frosinone &#8211; \u00e8 tornata a sollecitare la Regione perch\u00e9 riunisca con la massima urgenza un Tavolo per arrivare quanto prima ad un accordo sul prezzo del latte, inviando per la seconda volta una lettera indirizzata al governatore Nicola Zingaretti e all\u2019assessore all\u2019Agricoltura Sonia Ricci, essendo scaduti ormai da quasi un mese i contratti di conferimento del latte vaccino alla stalla.<br \/>\n\u201cL\u2019avvenuta scadenza dei contratti rende quanto mai urgente accelerare il percorso concordato con la Regione Lazio nell&#8217;ultimo Tavolo di filiera per arrivare il prima possibile ad un accordo sul prezzo del latte che permetta di favorire un quadro di concorrenza che tuteli la competitivit\u00e0 delle imprese\u201d \u2013 ha aggiunto Viola.<br \/>\nNel Lazio, si contano 1413 aziende in produzione, 1401 quelle che consegnano il proprio latte e 65 quelle che lo vendono direttamente. Le vacche in lattazione sono 54.000.\u00a0Dal 2008 al 2012, il numero delle aziende \u00e8 calato del 36,8% e quello delle vacche \u00e8 diminuito del 25%. L\u2019unico dato con il segno pi\u00f9 davanti, purtroppo \u00e8 quello relativo ai costi di produzione che ammontano in media a circa 48\u20ac \/100Kg di latte, con un incremento del 17,5%.<\/p>\n","protected":false},"excerpt":{"rendered":"<p>LATINA &#8211; Sulla questione del mancato\u00a0rinnovo del\u00a0prezzo del latte,\u00a0Saverio Viola, direttore di Coldiretti Frosinone e Latina\u00a0ribadisce l&#8217;importanza di un intervento dell&#8217;Assessorato all\u2019Agricoltura.\u00a0\u201cLa Coldiretti &#8211; ha ricordato il direttore Viola &#8211; \u00e8 scesa in campo pi\u00f9 volte anche con azioni molto forti in nome della tutela della qualit\u00e0 e dell&#8217;origine del nostro latte, come nel caso\u00a0della\u00a0questione [&hellip;]<\/p>\n","protected":false},"author":60,"featured_media":153227,"comment_status":"open","ping_status":"closed","sticky":false,"template":"","format":"standard","meta":{"footnotes":""},"categories":[7,11],"tags":[],"class_list":["post-153226","post","type-post","status-publish","format-standard","has-post-thumbnail","hentry","category-cronaca","category-economia"],"_links":{"self":[{"href":"https:\/\/www.radioluna.it\/news\/wp-json\/wp\/v2\/posts\/153226","targetHints":{"allow":["GET"]}}],"collection":[{"href":"https:\/\/www.radioluna.it\/news\/wp-json\/wp\/v2\/posts"}],"about":[{"href":"https:\/\/www.radioluna.it\/news\/wp-json\/wp\/v2\/types\/post"}],"author":[{"embeddable":true,"href":"https:\/\/www.radioluna.it\/news\/wp-json\/wp\/v2\/users\/60"}],"replies":[{"embeddable":true,"href":"https:\/\/www.radioluna.it\/news\/wp-json\/wp\/v2\/comments?post=153226"}],"version-history":[{"count":0,"href":"https:\/\/www.radioluna.it\/news\/wp-json\/wp\/v2\/posts\/153226\/revisions"}],"wp:featuredmedia":[{"embeddable":true,"href":"https:\/\/www.radioluna.it\/news\/wp-json\/wp\/v2\/media\/153227"}],"wp:attachment":[{"href":"https:\/\/www.radioluna.it\/news\/wp-json\/wp\/v2\/media?parent=153226"}],"wp:term":[{"taxonomy":"category","embeddable":true,"href":"https:\/\/www.radioluna.it\/news\/wp-json\/wp\/v2\/categories?post=153226"},{"taxonomy":"post_tag","embeddable":true,"href":"https:\/\/www.radioluna.it\/news\/wp-json\/wp\/v2\/tags?post=153226"}],"curies":[{"name":"wp","href":"https:\/\/api.w.org\/{rel}","templated":true}]}}