{"id":153228,"date":"2014-07-26T18:29:08","date_gmt":"2014-07-26T16:29:08","guid":{"rendered":"http:\/\/www.radioluna.it\/news\/?p=153228"},"modified":"2014-07-26T18:29:08","modified_gmt":"2014-07-26T16:29:08","slug":"le-opere-del-plus-illustrate-ai-cittadini-in-piazza-del-popolo","status":"publish","type":"post","link":"https:\/\/www.radioluna.it\/news\/2014\/07\/le-opere-del-plus-illustrate-ai-cittadini-in-piazza-del-popolo\/","title":{"rendered":"Le opere del PLUS illustrate ai cittadini in piazza del Popolo"},"content":{"rendered":"<div id=\"fb-root\"><\/div>\n<p><img loading=\"lazy\" decoding=\"async\" class=\"alignleft wp-image-146431 size-thumbnail\" src=\"http:\/\/www.radioluna.it\/news\/wp-content\/uploads\/2014\/02\/di-giorgi-150x150.jpg\" alt=\"di giorgi\" width=\"150\" height=\"150\" \/>LATINA &#8211; Le\u00a0opere del PLUS e il cambiamento in atto sul litorale di Latina grazie a 21 progetti in fase di realizzazione. Sono i temi che saranno\u00a0affrontati nel corso dell&#8217;incontro pubblico in programma marted\u00ec sera, in piazza del Popolo a Latina, alle ore 21. Il\u00a0sindaco Giovanni Di Giorgi illustrer\u00e0 alla citt\u00e0 lo stato dei lavori del \u201cPiano Locale e Urbano di Sviluppo\u201d, realizzato con i fondi della Comunit\u00e0 Europea e la collaborazione della Regione Lazio. Sul palco ci sar\u00e0 anche il presidente della Regione, Nicola Zingaretti, a cui saranno affidate le conclusioni della serata e una panoramica pi\u00f9 generale sulla genesi e l\u2019importanza dei fondi PLUS per il territorio del Lazio.<\/p>\n<p>La descrizione nel dettaglio delle singole opere sar\u00e0 affidata a quattro assessori comunali: Giuseppe Di Rubbo, Fabrizio Cirilli, Gianluca Di Cocco e Angelo Tripodi. Il vice sindaco Cirilli parler\u00e0 anche della \u201cBandiera Blu\u201d, il prestigioso riconoscimento ottenuto dalla citt\u00e0 di Latina per il 2014. Luned\u00ec sera, sempre alle 21 in piazza del Popolo, il sindaco Di Giorgi presenter\u00e0 alla citt\u00e0 il progetto di pedonalizzazione del centro cittadino, con l\u2019ausilio di immagini proiettate su maxi schermo. In caso di pioggia, i due eventi si svolgeranno, alla stessa ora, all\u2019interno dell\u2019aula consiliare del palazzo comunale.<\/p>\n","protected":false},"excerpt":{"rendered":"<p>LATINA &#8211; Le\u00a0opere del PLUS e il cambiamento in atto sul litorale di Latina grazie a 21 progetti in fase di realizzazione. Sono i temi che saranno\u00a0affrontati nel corso dell&#8217;incontro pubblico in programma marted\u00ec sera, in piazza del Popolo a Latina, alle ore 21. Il\u00a0sindaco Giovanni Di Giorgi illustrer\u00e0 alla citt\u00e0 lo stato dei lavori [&hellip;]<\/p>\n","protected":false},"author":60,"featured_media":0,"comment_status":"open","ping_status":"closed","sticky":false,"template":"","format":"standard","meta":{"footnotes":""},"categories":[7,8],"tags":[],"class_list":["post-153228","post","type-post","status-publish","format-standard","hentry","category-cronaca","category-politica"],"_links":{"self":[{"href":"https:\/\/www.radioluna.it\/news\/wp-json\/wp\/v2\/posts\/153228","targetHints":{"allow":["GET"]}}],"collection":[{"href":"https:\/\/www.radioluna.it\/news\/wp-json\/wp\/v2\/posts"}],"about":[{"href":"https:\/\/www.radioluna.it\/news\/wp-json\/wp\/v2\/types\/post"}],"author":[{"embeddable":true,"href":"https:\/\/www.radioluna.it\/news\/wp-json\/wp\/v2\/users\/60"}],"replies":[{"embeddable":true,"href":"https:\/\/www.radioluna.it\/news\/wp-json\/wp\/v2\/comments?post=153228"}],"version-history":[{"count":0,"href":"https:\/\/www.radioluna.it\/news\/wp-json\/wp\/v2\/posts\/153228\/revisions"}],"wp:attachment":[{"href":"https:\/\/www.radioluna.it\/news\/wp-json\/wp\/v2\/media?parent=153228"}],"wp:term":[{"taxonomy":"category","embeddable":true,"href":"https:\/\/www.radioluna.it\/news\/wp-json\/wp\/v2\/categories?post=153228"},{"taxonomy":"post_tag","embeddable":true,"href":"https:\/\/www.radioluna.it\/news\/wp-json\/wp\/v2\/tags?post=153228"}],"curies":[{"name":"wp","href":"https:\/\/api.w.org\/{rel}","templated":true}]}}