{"id":153234,"date":"2014-07-27T19:30:03","date_gmt":"2014-07-27T17:30:03","guid":{"rendered":"http:\/\/www.radioluna.it\/news\/?p=153234"},"modified":"2014-07-29T09:29:51","modified_gmt":"2014-07-29T07:29:51","slug":"festival-villa-fogliano-cultura-e-impegno-civile","status":"publish","type":"post","link":"https:\/\/www.radioluna.it\/news\/2014\/07\/festival-villa-fogliano-cultura-e-impegno-civile\/","title":{"rendered":"Festival Villa Fogliano, cultura e impegno civile"},"content":{"rendered":"<div id=\"fb-root\"><\/div>\n<div id=\"attachment_153235\" style=\"width: 645px\" class=\"wp-caption aligncenter\"><img loading=\"lazy\" decoding=\"async\" aria-describedby=\"caption-attachment-153235\" class=\"size-thumbnail wp-image-153235\" src=\"http:\/\/www.radioluna.it\/news\/wp-content\/uploads\/2014\/07\/conferenza-Villa-Fogliano-635x422.jpg\" alt=\"Un momento della conferenza\" width=\"635\" height=\"422\" srcset=\"https:\/\/www.radioluna.it\/news\/wp-content\/uploads\/2014\/07\/conferenza-Villa-Fogliano-635x422.jpg 635w, https:\/\/www.radioluna.it\/news\/wp-content\/uploads\/2014\/07\/conferenza-Villa-Fogliano-300x200.jpg 300w, https:\/\/www.radioluna.it\/news\/wp-content\/uploads\/2014\/07\/conferenza-Villa-Fogliano-768x511.jpg 768w, https:\/\/www.radioluna.it\/news\/wp-content\/uploads\/2014\/07\/conferenza-Villa-Fogliano-1024x681.jpg 1024w, https:\/\/www.radioluna.it\/news\/wp-content\/uploads\/2014\/07\/conferenza-Villa-Fogliano-500x333.jpg 500w, https:\/\/www.radioluna.it\/news\/wp-content\/uploads\/2014\/07\/conferenza-Villa-Fogliano-600x400.jpg 600w, https:\/\/www.radioluna.it\/news\/wp-content\/uploads\/2014\/07\/conferenza-Villa-Fogliano-800x532.jpg 800w, https:\/\/www.radioluna.it\/news\/wp-content\/uploads\/2014\/07\/conferenza-Villa-Fogliano.jpg 1000w\" sizes=\"auto, (max-width: 635px) 100vw, 635px\" \/><p id=\"caption-attachment-153235\" class=\"wp-caption-text\">Un momento della conferenza<\/p><\/div>\n<p style=\"text-align: justify;\">LATINA &#8211;\u00a0E\u2019 stata presentata questa mattina la ventesima edizione del Festival di Villa Fogliano, che avr\u00e0 inizio mercoled\u00ec 30 luglio e terminer\u00e0 domenica 3 agosto.\u00a0\u201cQuest\u2019anno il Festival\u201d ha introdotto il presidente dell\u2019Associazione Villaggio Fogliano Nazzareno Ranaldi \u201ccompie i suoi primi venti anni. E\u2019 un traguardo che meritava di essere festeggiato. Lo abbiamo fatto con la produzione di un nuovo spettacolo teatrale, il \u201cGiardino delle mangrovie\u201d, scritto da Renato Gabriele e messo in scena dal regista Danilo Proia, che speriamo possa contribuire a valorizzare le straordinarie ricchezze culturali di cui dispone il nostro territorio\u201d.<br \/>\n\u201cProseguiremo &#8211; ha aggiunto &#8211; nel nostro lavoro finalizzato alla valorizzazione del borgo di Fogliano, anche attraverso la proposta di riqualificazione di una giovane architetta che sar\u00e0 presentata in apertura del Festival, mercoled\u00ec 30 luglio alle 18.00 e discussa nell\u2019ambito di un convegno, sabato 2 agosto alle 10.30, che vedr\u00e0 la partecipazione delle pi\u00f9 importanti autorit\u00e0 locali\u201d.<\/p>\n<p>&#8220;Il borgo di Fogliano &#8211; ha aggiunto il sindaco Di Giorgi &#8211; sar\u00e0 posto al centro del nostro nuovo progetto di sviluppo turistico. Latina non \u00e8 solo citt\u00e0 di fondazione ma anche natura, arte e cultura e questo Festival lo dimostra pienamente\u201d.<\/p>\n<p style=\"text-align: justify;\">Il programma del Festival, illustrato dal Direttore artistico Renato Chiocca, \u00e8 stato descritto grazie al contributo di alcuni tra i suoi principali protagonisti.\u00a0Particolare attenzione \u00e8 stata dedicata allo spettacolo \u201cIl Giardino delle Magrovie\u201d, presentato dal poeta Renato Gabriele, dal Regista Danilo Proia e dall\u2019attrice Elisabetta Femiano, protagonista insieme ad Emanuele Vezzoli.\u00a0\u201cIl testo teatrale\u201d ha sottolineato Renato Gabriele \u201c\u00e8 la drammatizzazione del mio romanzo \u201cIl pensiero molle di Costante Porfirio\u201d. I due personaggi protagonisti vivono una vita appartata in una palude illusoria che poi scopriranno essere la palude dell\u2019anima. Il cuore della narrazione \u00e8 la loro frustrazione di non essere ci\u00f2 che avrebbero voluto essere\u201d.<br \/>\n\u201cLa forza di un territorio\u201d ha aggiunto Danilo Proia \u201c\u00e8 quella di produrre cultura e non tanto di riceverla. La produzione teatrale che andr\u00e0 in scena a Fogliano nasce da questo desiderio. La poesia di Renato Gabriele diventer\u00e0 azione, entreremo nel gioco della parola e renderemo la frustrazione dei protagonisti positiva. Gli antieroi diventeranno eroi. Nel cuore del testo c\u2019\u00e8 la consapevolezza che la quotidianit\u00e0 \u00e8 piena di opportunit\u00e0. Lasceremo al pubblico la scelta finale\u201d.<br \/>\nAltro appuntamento importante quello con il Centro Donna Lilith. \u201cDa tre anni\u201d ha detto la presidente Patrizia Amodio \u201cva avanti la collaborazione tra la nostra associazione e il Festival di Fogliano, unite dal lavoro costante per la citt\u00e0. Il primo anno abbiamo scelto il linguaggio delle immagini, il secondo quello delle parole e il terzo, questo, il ritmo. L\u2019incontro e lo spettacolo con Valentina Ferraiuolo di gioved\u00ec 31 luglio si svolgeranno in un giorno simbolicamente molto importante perch\u00e9 prelude all\u2019entrata in vigore della Convenzione di Istanbul, il trattato europeo sulla prevenzione e la lotta alla violenza contro le donne e la violenza domestica\u201d.<br \/>\nDomenica 3 agosto alle 21.30 la grande conclusione con il concerto \u201cOccupo Poco Spazio\u201d di Nada, che, come sottolineato da Renato Chiocca, per la prima volta suoner\u00e0 in versione acustica.\u00a0E\u2019 possibile acquistare direttamente in loco il 30 o il 31 luglio un abbonamento che consentir\u00e0 l\u2019accesso a tutti gli spettacoli.<br \/>\nPer informazioni: www.villaggiofogliano.it.<\/p>\n","protected":false},"excerpt":{"rendered":"<p>LATINA &#8211;\u00a0E\u2019 stata presentata questa mattina la ventesima edizione del Festival di Villa Fogliano, che avr\u00e0 inizio mercoled\u00ec 30 luglio e terminer\u00e0 domenica 3 agosto.\u00a0\u201cQuest\u2019anno il Festival\u201d ha introdotto il presidente dell\u2019Associazione Villaggio Fogliano Nazzareno Ranaldi \u201ccompie i suoi primi venti anni. E\u2019 un traguardo che meritava di essere festeggiato. Lo abbiamo fatto con la [&hellip;]<\/p>\n","protected":false},"author":60,"featured_media":153235,"comment_status":"open","ping_status":"closed","sticky":false,"template":"","format":"standard","meta":{"footnotes":""},"categories":[16,15],"tags":[],"class_list":["post-153234","post","type-post","status-publish","format-standard","has-post-thumbnail","hentry","category-appuntamenti","category-cultura"],"_links":{"self":[{"href":"https:\/\/www.radioluna.it\/news\/wp-json\/wp\/v2\/posts\/153234","targetHints":{"allow":["GET"]}}],"collection":[{"href":"https:\/\/www.radioluna.it\/news\/wp-json\/wp\/v2\/posts"}],"about":[{"href":"https:\/\/www.radioluna.it\/news\/wp-json\/wp\/v2\/types\/post"}],"author":[{"embeddable":true,"href":"https:\/\/www.radioluna.it\/news\/wp-json\/wp\/v2\/users\/60"}],"replies":[{"embeddable":true,"href":"https:\/\/www.radioluna.it\/news\/wp-json\/wp\/v2\/comments?post=153234"}],"version-history":[{"count":0,"href":"https:\/\/www.radioluna.it\/news\/wp-json\/wp\/v2\/posts\/153234\/revisions"}],"wp:featuredmedia":[{"embeddable":true,"href":"https:\/\/www.radioluna.it\/news\/wp-json\/wp\/v2\/media\/153235"}],"wp:attachment":[{"href":"https:\/\/www.radioluna.it\/news\/wp-json\/wp\/v2\/media?parent=153234"}],"wp:term":[{"taxonomy":"category","embeddable":true,"href":"https:\/\/www.radioluna.it\/news\/wp-json\/wp\/v2\/categories?post=153234"},{"taxonomy":"post_tag","embeddable":true,"href":"https:\/\/www.radioluna.it\/news\/wp-json\/wp\/v2\/tags?post=153234"}],"curies":[{"name":"wp","href":"https:\/\/api.w.org\/{rel}","templated":true}]}}