{"id":153237,"date":"2014-07-27T17:27:09","date_gmt":"2014-07-27T15:27:09","guid":{"rendered":"http:\/\/www.radioluna.it\/news\/?p=153237"},"modified":"2014-07-27T19:46:52","modified_gmt":"2014-07-27T17:46:52","slug":"latina-test-a-lavarone-con-il-cittadella","status":"publish","type":"post","link":"https:\/\/www.radioluna.it\/news\/2014\/07\/latina-test-a-lavarone-con-il-cittadella\/","title":{"rendered":"Calcio, il programma delle amichevoli del Latina"},"content":{"rendered":"<div id=\"fb-root\"><\/div>\n<p><img loading=\"lazy\" decoding=\"async\" class=\"alignleft size-full wp-image-152464\" src=\"http:\/\/www.radioluna.it\/news\/wp-content\/uploads\/2014\/07\/us-latina-nuovo-stemma1.jpg\" alt=\"us-latina-nuovo-stemma\" width=\"513\" height=\"278\" srcset=\"https:\/\/www.radioluna.it\/news\/wp-content\/uploads\/2014\/07\/us-latina-nuovo-stemma1.jpg 513w, https:\/\/www.radioluna.it\/news\/wp-content\/uploads\/2014\/07\/us-latina-nuovo-stemma1-300x163.jpg 300w, https:\/\/www.radioluna.it\/news\/wp-content\/uploads\/2014\/07\/us-latina-nuovo-stemma1-500x271.jpg 500w\" sizes=\"auto, (max-width: 513px) 100vw, 513px\" \/><\/p>\n<p><strong>LAVARONE-<\/strong> Dopo la sconfitta contro il Cittadella, mercoled\u00ec il Latina sar\u00e0 nuovamente in campo e affronter\u00e0 la Vecomp Verona, squadra che milita nel campionato di serie D. \u00a0La prossima amichevole in Trentino \u00e8 fissata poi con l&#8217;Asiago Team. \u00a0Nel capoluogo invece il 9 agosto \u00e8 previsto il test con il Perugia al Francioni e la presentazione della squadra, \u00a0il 14 agosto amichevole con la Lazio e poi il 17 agosto il turno di Coppa Italia con il Novara.<\/p>\n","protected":false},"excerpt":{"rendered":"<p>LAVARONE- Dopo la sconfitta contro il Cittadella, mercoled\u00ec il Latina sar\u00e0 nuovamente in campo e affronter\u00e0 la Vecomp Verona, squadra che milita nel campionato di serie D. \u00a0La prossima amichevole in Trentino \u00e8 fissata poi con l&#8217;Asiago Team. \u00a0Nel capoluogo invece il 9 agosto \u00e8 previsto il test con il Perugia al Francioni e la [&hellip;]<\/p>\n","protected":false},"author":60,"featured_media":152464,"comment_status":"open","ping_status":"closed","sticky":false,"template":"","format":"standard","meta":{"footnotes":""},"categories":[17],"tags":[],"class_list":["post-153237","post","type-post","status-publish","format-standard","has-post-thumbnail","hentry","category-sport"],"_links":{"self":[{"href":"https:\/\/www.radioluna.it\/news\/wp-json\/wp\/v2\/posts\/153237","targetHints":{"allow":["GET"]}}],"collection":[{"href":"https:\/\/www.radioluna.it\/news\/wp-json\/wp\/v2\/posts"}],"about":[{"href":"https:\/\/www.radioluna.it\/news\/wp-json\/wp\/v2\/types\/post"}],"author":[{"embeddable":true,"href":"https:\/\/www.radioluna.it\/news\/wp-json\/wp\/v2\/users\/60"}],"replies":[{"embeddable":true,"href":"https:\/\/www.radioluna.it\/news\/wp-json\/wp\/v2\/comments?post=153237"}],"version-history":[{"count":0,"href":"https:\/\/www.radioluna.it\/news\/wp-json\/wp\/v2\/posts\/153237\/revisions"}],"wp:featuredmedia":[{"embeddable":true,"href":"https:\/\/www.radioluna.it\/news\/wp-json\/wp\/v2\/media\/152464"}],"wp:attachment":[{"href":"https:\/\/www.radioluna.it\/news\/wp-json\/wp\/v2\/media?parent=153237"}],"wp:term":[{"taxonomy":"category","embeddable":true,"href":"https:\/\/www.radioluna.it\/news\/wp-json\/wp\/v2\/categories?post=153237"},{"taxonomy":"post_tag","embeddable":true,"href":"https:\/\/www.radioluna.it\/news\/wp-json\/wp\/v2\/tags?post=153237"}],"curies":[{"name":"wp","href":"https:\/\/api.w.org\/{rel}","templated":true}]}}