{"id":153261,"date":"2014-07-28T10:16:15","date_gmt":"2014-07-28T08:16:15","guid":{"rendered":"http:\/\/www.radioluna.it\/news\/?p=153261"},"modified":"2023-05-03T19:23:11","modified_gmt":"2023-05-03T17:23:11","slug":"cinema-dautore-a-ponza-si-comincia-con-dalatri","status":"publish","type":"post","link":"https:\/\/www.radioluna.it\/news\/2014\/07\/cinema-dautore-a-ponza-si-comincia-con-dalatri\/","title":{"rendered":"Cinema d&#8217;autore a Ponza, si comincia con D&#8217;Alatri"},"content":{"rendered":"<div id=\"fb-root\"><\/div>\n<p style=\"text-align: justify;\"><strong>PONZA<\/strong> \u00a0&#8211; Il regista Alessandro D&#8217;Alatri apre stasera (luned\u00ec 28 luglio) a Ponza una serie di sette appuntamenti con i film d\u2019autore dedicati al mare. Si inaugura cos\u00ec FeelMare, curata dall\u2019associazione Eikon e organizzata nell\u2019ambito di Onde Road in programma dal 28 luglio al 20 agosto, ogni luned\u00ec e mercoled\u00ec alle 22, con una sezione dedicata anche ai pi\u00f9 piccoli e un intervento speciale: un reading introduttivo dell\u2019attore Rolando Ravello.<\/p>\n<p style=\"text-align: justify;\">IL PROGRAMMA &#8211; Primo appuntamento: luned\u00ec 28 luglio alle 22 con il film &#8220;Sul mare&#8221; di Alessandro D\u2019Alatri, che l\u2019Ape Piaggio di FeelMare porter\u00e0 a Le Forna, nel piazzale della chiesa. Durante la serata parteciper\u00e0 anche il regista. Nella stessa settimana, mercoled\u00ec 30 luglio, nella zona del porto sar\u00e0 la volta del film di animazione per bambini Alla ricerca di Nemo.<br \/>\nSi prosegue poi luned\u00ec 4 agosto e mercoled\u00ec 6 con Vita di Pi di Ang Lee e Le avventure acquatiche di Steve Zissou di Wes Anderson, rispettivamente in programma al porto e a Le Forna. Per la serata dell\u201911 agosto FeelMare propone invece, ancora a Le Forna, Travolti da un insolito destino nell\u2019azzurro mare di agosto della straordinaria Lina Wertmuller. Luned\u00ec 18 agosto, a Cala Caparra, Le Forna, \u00e8 in programma invece La gabbianella e il gatto di Enzo D\u2019Al\u00f2. In chiusura invece, mercoled\u00ec 20 agosto, nel piazzale della chiesa a Le Forna, il film Respiro di Emanuele Crialese.<br \/>\nFeelMare \u00e8 organizzata dall\u2019associazione Eikon nell\u2019ambito di Onde Road, ideata e diretta da Antonello Aprea, e si inserisce nel fitto cartellone di eventi di Ponza Estate 2014, rassegna promossa e finanziata dal Comune di Ponza, diretta da Francesco Maria Cordella e Ferdinando Femiano.<\/p>\n<p>Ideazione e organizzazione Comune di Ponza \u2013 direttore generale Ferdinando Femiano \u2013 direttore artistico Francesco Maria Cordella \u2013 direttore musicale Antonello Aprea &#8211; curatore Sergio Castellani \u2013logistica Pro-Loco Ponza \u2013 direttore tecnico Armando Raponi &#8211; web master Filippo Conte &#8211; partner Navigazione Libera del Golfo, Laziomar, Hotel Bellavista<\/p>\n","protected":false},"excerpt":{"rendered":"<p>PONZA \u00a0&#8211; Il regista Alessandro D&#8217;Alatri apre stasera (luned\u00ec 28 luglio) a Ponza una serie di sette appuntamenti con i film d\u2019autore dedicati al mare. Si inaugura cos\u00ec FeelMare, curata dall\u2019associazione Eikon e organizzata nell\u2019ambito di Onde Road in programma dal 28 luglio al 20 agosto, ogni luned\u00ec e mercoled\u00ec alle 22, con una sezione [&hellip;]<\/p>\n","protected":false},"author":62,"featured_media":153264,"comment_status":"open","ping_status":"closed","sticky":false,"template":"","format":"standard","meta":{"footnotes":""},"categories":[15],"tags":[],"class_list":["post-153261","post","type-post","status-publish","format-standard","has-post-thumbnail","hentry","category-cultura"],"_links":{"self":[{"href":"https:\/\/www.radioluna.it\/news\/wp-json\/wp\/v2\/posts\/153261","targetHints":{"allow":["GET"]}}],"collection":[{"href":"https:\/\/www.radioluna.it\/news\/wp-json\/wp\/v2\/posts"}],"about":[{"href":"https:\/\/www.radioluna.it\/news\/wp-json\/wp\/v2\/types\/post"}],"author":[{"embeddable":true,"href":"https:\/\/www.radioluna.it\/news\/wp-json\/wp\/v2\/users\/62"}],"replies":[{"embeddable":true,"href":"https:\/\/www.radioluna.it\/news\/wp-json\/wp\/v2\/comments?post=153261"}],"version-history":[{"count":0,"href":"https:\/\/www.radioluna.it\/news\/wp-json\/wp\/v2\/posts\/153261\/revisions"}],"wp:featuredmedia":[{"embeddable":true,"href":"https:\/\/www.radioluna.it\/news\/wp-json\/wp\/v2\/media\/153264"}],"wp:attachment":[{"href":"https:\/\/www.radioluna.it\/news\/wp-json\/wp\/v2\/media?parent=153261"}],"wp:term":[{"taxonomy":"category","embeddable":true,"href":"https:\/\/www.radioluna.it\/news\/wp-json\/wp\/v2\/categories?post=153261"},{"taxonomy":"post_tag","embeddable":true,"href":"https:\/\/www.radioluna.it\/news\/wp-json\/wp\/v2\/tags?post=153261"}],"curies":[{"name":"wp","href":"https:\/\/api.w.org\/{rel}","templated":true}]}}