{"id":153287,"date":"2014-07-28T19:43:59","date_gmt":"2014-07-28T17:43:59","guid":{"rendered":"http:\/\/www.radioluna.it\/news\/?p=153287"},"modified":"2014-07-28T19:43:59","modified_gmt":"2014-07-28T17:43:59","slug":"domani-a-cori-festival-del-folklore-internazionale","status":"publish","type":"post","link":"https:\/\/www.radioluna.it\/news\/2014\/07\/domani-a-cori-festival-del-folklore-internazionale\/","title":{"rendered":"Domani a Cori festival del folklore internazionale"},"content":{"rendered":"<div id=\"fb-root\"><\/div>\n<p><img loading=\"lazy\" decoding=\"async\" class=\"aligncenter size-thumbnail wp-image-153288\" src=\"http:\/\/www.radioluna.it\/news\/wp-content\/uploads\/2014\/07\/cori-festa-etnica-635x421.jpg\" alt=\"cori festa etnica\" width=\"635\" height=\"421\" srcset=\"https:\/\/www.radioluna.it\/news\/wp-content\/uploads\/2014\/07\/cori-festa-etnica-635x421.jpg 635w, https:\/\/www.radioluna.it\/news\/wp-content\/uploads\/2014\/07\/cori-festa-etnica-768x510.jpg 768w, https:\/\/www.radioluna.it\/news\/wp-content\/uploads\/2014\/07\/cori-festa-etnica-500x332.jpg 500w, https:\/\/www.radioluna.it\/news\/wp-content\/uploads\/2014\/07\/cori-festa-etnica-300x199.jpg 300w, https:\/\/www.radioluna.it\/news\/wp-content\/uploads\/2014\/07\/cori-festa-etnica-800x531.jpg 800w, https:\/\/www.radioluna.it\/news\/wp-content\/uploads\/2014\/07\/cori-festa-etnica.jpg 1000w\" sizes=\"auto, (max-width: 635px) 100vw, 635px\" \/><\/p>\n<p>CORI &#8211;\u00a0La Citt\u00e0 d&#8217;Arte si riempie di colori, ritmi, coreografie, balli e acrobazie del folklore internazionale. Domani sera, marted\u00ec 29 luglio, alle ore 19:00, nell&#8217;ambito del Latium Festiva, la CIOFF\u00ae World Folklore Parade per le strade del centro storico di Cori monte.<\/p>\n<p>I gruppi di Bolivia (Ballet Libertad Tarija Tarija), Bosnia Erzegovina (Kolovit Gradi\u0161ke Folk Dance Ensemble), Egitto (Al Tannoura Troup), Canada (Kababayang Pilipino Cultural Performing Arts Group &#8211; danze delle Filippine), U.S.A. (Trinity Irish Dancer \u2013 danze dell\u2019Irlanda), Messico (Compa\u00f1\u00eda de Danza Folkl\u00f3rica Tenochtitl\u00e1n) e Sud Africa (Umuzi Wenkosi Zulu Folklore Dance Ensemble) animeranno la parata mondiale del folklore (nelle foto di Edoardo Alessi) che attraverser\u00e0 via Madonna del Soccorso, piazza Signina, via del Tempio d\u2019Ercole e piazza del Tempio d\u2019Ercole. Si esibiranno all&#8217;ombra del monumento nazionale che sovrasta l&#8217;acropoli dell&#8217;antica Cora. A seguire, nell&#8217;ambito del Latium Folk &amp; Etnhic Music Fest &#8211; Melodie e Ritmi popolari del mondo, spazio alla musica popolare con il concerto della Compagnia Hernicantus di Paliano, tra pizziche, tarante, saltarelli e tammuriate.<br \/>\nIl Latium World Folkloric Festival &#8211; Musiche e Danze popolari del mondo per una cultura della Pace &#8211; CIOFF\u00ae International Festival da anni promuove la cultura folklorica di tutto il mondo, le tradizioni culturali e l\u2019immagine del Lazio, attraverso lo scambio e il dialogo tra i diversi popoli, con l\u2019importante sostegno del CIOFF\u00ae mondiale (partner ufficiale dell\u2019UNESCO). Fino al 7 agosto gli spettacoli verranno presentati in alcuni incantevoli scenari del Lazio: Roma (30 luglio), Sermoneta (30 luglio), Segni (5 agosto), Giulianello (30 luglio), Bassiano (1\u00b0 agosto), Pisterzo (3 agosto), Sezze (2 agosto), Colleferro (1\u00b0 agosto), Velletri (2 agosto), Piglio (27 luglio), Paliano (3 agosto), Latina (28 luglio), Fondi (31 luglio), Giardino di Ninfa (1\u00b0 agosto).<br \/>\nA Cori, epicentro della manifestazione, si svolgeranno le giornate clou (apertura, 4 agosto; chiusura, 7 agosto) e le serate di gala (5 e 6 agosto). Oltre alla musica e alla danza tradizionale ci sar\u00e0 spazio per la Folkloriada Mediterranea (4 agosto) nel corso della quale gli artisti potranno presentare il proprio repertorio davanti ad un pubblico attento e competente. Scenaperta proporr\u00e0 \u201cLa Nota Rossa\u201d (1\u00b0 agosto) e \u201cL&#8217;Umanit\u00e0: voci in armonia\u201d (2 agosto).<br \/>\nPoi ancora, la rivalurazione dei giochi popolari nel Traditional Games Day (2 agosto); La Giornata dell&#8217;Amicizia tra i Popoli (3 agosto). Intercultura in Festa (3, 5 e 6 agosto), con degustazioni gratuite di pietanze gastronomiche etniche preparate dai gruppi folklorici e dalle Comunit\u00e0 straniere presenti sul territorio, l\u2019esposizione e la vendita di artigianato tipico locale ed internazionale. Infine Giovent\u00f9 del mondo in festa, le feste serali multietniche con la partecipazione di tantissimi giovani di tutto il mondo che parlano un linguaggio interculturale ed interreligioso (Piazza S.Oliva: 28 luglio; 2, 4, 6 agosto \u2013 Piazza S.Francesco: 1 agosto \u2013 Piazza Pozzo Dorico: 5 agosto \u2013 Piazzale scuole elementari: 7 agosto).<\/p>\n","protected":false},"excerpt":{"rendered":"<p>CORI &#8211;\u00a0La Citt\u00e0 d&#8217;Arte si riempie di colori, ritmi, coreografie, balli e acrobazie del folklore internazionale. Domani sera, marted\u00ec 29 luglio, alle ore 19:00, nell&#8217;ambito del Latium Festiva, la CIOFF\u00ae World Folklore Parade per le strade del centro storico di Cori monte. I gruppi di Bolivia (Ballet Libertad Tarija Tarija), Bosnia Erzegovina (Kolovit Gradi\u0161ke Folk [&hellip;]<\/p>\n","protected":false},"author":60,"featured_media":153288,"comment_status":"open","ping_status":"closed","sticky":false,"template":"","format":"standard","meta":{"footnotes":""},"categories":[16,7,15],"tags":[],"class_list":["post-153287","post","type-post","status-publish","format-standard","has-post-thumbnail","hentry","category-appuntamenti","category-cronaca","category-cultura"],"_links":{"self":[{"href":"https:\/\/www.radioluna.it\/news\/wp-json\/wp\/v2\/posts\/153287","targetHints":{"allow":["GET"]}}],"collection":[{"href":"https:\/\/www.radioluna.it\/news\/wp-json\/wp\/v2\/posts"}],"about":[{"href":"https:\/\/www.radioluna.it\/news\/wp-json\/wp\/v2\/types\/post"}],"author":[{"embeddable":true,"href":"https:\/\/www.radioluna.it\/news\/wp-json\/wp\/v2\/users\/60"}],"replies":[{"embeddable":true,"href":"https:\/\/www.radioluna.it\/news\/wp-json\/wp\/v2\/comments?post=153287"}],"version-history":[{"count":0,"href":"https:\/\/www.radioluna.it\/news\/wp-json\/wp\/v2\/posts\/153287\/revisions"}],"wp:featuredmedia":[{"embeddable":true,"href":"https:\/\/www.radioluna.it\/news\/wp-json\/wp\/v2\/media\/153288"}],"wp:attachment":[{"href":"https:\/\/www.radioluna.it\/news\/wp-json\/wp\/v2\/media?parent=153287"}],"wp:term":[{"taxonomy":"category","embeddable":true,"href":"https:\/\/www.radioluna.it\/news\/wp-json\/wp\/v2\/categories?post=153287"},{"taxonomy":"post_tag","embeddable":true,"href":"https:\/\/www.radioluna.it\/news\/wp-json\/wp\/v2\/tags?post=153287"}],"curies":[{"name":"wp","href":"https:\/\/api.w.org\/{rel}","templated":true}]}}