{"id":153301,"date":"2014-07-29T10:46:04","date_gmt":"2014-07-29T08:46:04","guid":{"rendered":"http:\/\/www.radioluna.it\/news\/?p=153301"},"modified":"2014-07-29T10:46:04","modified_gmt":"2014-07-29T08:46:04","slug":"basket-ecco-il-campionato-silver-della-benacquista","status":"publish","type":"post","link":"https:\/\/www.radioluna.it\/news\/2014\/07\/basket-ecco-il-campionato-silver-della-benacquista\/","title":{"rendered":"Basket, ecco il Campionato &#8220;silver&#8221; della Benacquista"},"content":{"rendered":"<div id=\"fb-root\"><\/div>\n<p style=\"text-align: justify;\"><strong><img loading=\"lazy\" decoding=\"async\" class=\"alignleft size-full wp-image-153304\" src=\"http:\/\/www.radioluna.it\/news\/wp-content\/uploads\/2014\/07\/Interno-Palazz_3001_.jpg\" alt=\"Interno-Palazz_3001_\" width=\"466\" height=\"310\" srcset=\"https:\/\/www.radioluna.it\/news\/wp-content\/uploads\/2014\/07\/Interno-Palazz_3001_.jpg 466w, https:\/\/www.radioluna.it\/news\/wp-content\/uploads\/2014\/07\/Interno-Palazz_3001_-300x200.jpg 300w\" sizes=\"auto, (max-width: 466px) 100vw, 466px\" \/>LATINA<\/strong> &#8211; Partir\u00e0 con una trasferta il Campionato di Lega Silver per la Benacquista Latina Assicurazioni. La Federazione Italiana Pallacanestro ha reso noto il\u00a0calendario della stagione 2014\/2015 della serie A2. La prima giornata per Latina \u00a0sar\u00e0 sul campo del Basket Recanati, il 5 ottobre; la Manetti Ravenna sar\u00e0 invece la prima ospite al Pala Bianchini domenica 12. La squadra del riconfermato coach Garelli affronter\u00e0 poi due trasferte consecutive, con il turno infrasettimanale di gioved\u00ec 16 in casa della Teate Chieti e la sfida di domenica 19 a Scafati.<\/p>\n<p style=\"text-align: justify;\"><strong>TUTTO IL CALENDARIO<\/strong>\u00a0<strong>DI ANDATA<\/strong> &#8211; Il 26 ottobre arriver\u00e0 a Latina il Legnano, sar\u00e0, poi, la volta della trasferta veneta in casa dell\u2019Universo Treviso che si giocher\u00e0 il 2 novembre. A seguire, il team pontino disputer\u00e0 due match casalinghi il 9 novembre con il Derthona Tortona e il 16 con la Blu Basket Treviglio, per poi gareggiare, il 23, ad Omegna contro i padroni di casa della Fulgor. Novembre si chiuder\u00e0 con il match interno con l\u2019UCC Casalpusterlengo e dicembre si aprir\u00e0 con il viaggio in terra calabra per rendere visita alla Viola Reggio Calabria domenica 7. Il 14 dicembre Latina, ancora in esterna, si recher\u00e0 ad Imola, per poi competere tra le mura amiche con il Roseto Sharks domenica 21. Nell\u2019ultima competizione del 2014 la formazione nerazzurra sar\u00e0 ospite di Matera. Il via al nuovo anno \u00e8 contro la Pallacanestro Ferrara il 4 gennaio 2015, ultimo turno del girone d\u2019andata.<\/p>\n<p style=\"text-align: justify;\"><strong>IL RITORNO<\/strong> &#8211; L&#8217; 11 gennaio inizier\u00e0 la fase di ritorno con un \u00a0impegno interno contro Recanati. Il 18 Latina andr\u00e0 in quel di Ravenna, seguiranno due gare casalinghe con Chieti (22 gennaio) e Scafati (25 gennaio). Il primo mese del 2015 vedr\u00e0 andare in scena ben 4 partite al Pala Bianchini. I ragazzi di coach Garelli torneranno in trasferta il 1 febbraio in occasione del confronto in casa del Legnano per poi ricevere, la domenica successiva (8), l\u2019Universo Treviso a Latina. Il 15 febbraio ci sar\u00e0 l\u2019esterna a Tortona contro i padroni di casa del Derthona ed il 22 ancora on the road con la partita a Treviglio. La squadra del Presidente Benacquista inaugurer\u00e0 il mese di marzo con la sfida interna alla Fulgor Omegna domenica 1. Il campionato riprender\u00e0 il 15 marzo ed i nerazzurri saranno impegnati a Casalpusterlengo, per poi ospitare il 22 la Viola Reggio Calabria ed il 29 l\u2019Andrea Costa Imola al Pala Bianchini. Aprile vedr\u00e0 il confronto di sabato 4 in casa del Roseto e successivamente, il 12, arriver\u00e0 nel capoluogo laziale l\u2019Olimpia Matera nell\u2019ultimo impegno casalingo della regular season. La stagione si chiuder\u00e0 quindi il 19 aprile con la competizione in terra estense contro la Pallacanestro Ferrara, prima dell\u2019inizio dei play-off previsto per la settimana successiva.<\/p>\n<p style=\"text-align: justify;\"><strong>FINALI DI COPPA ITALIA<\/strong> &#8211; Le \u00a0Finali di Coppa Italia si giocheranno a Rimini nel weekend 6\/8 marzo 2015, in quella settimana il campionato sar\u00e0 fermo.<\/p>\n<p style=\"text-align: justify;\">\n","protected":false},"excerpt":{"rendered":"<p>LATINA &#8211; Partir\u00e0 con una trasferta il Campionato di Lega Silver per la Benacquista Latina Assicurazioni. La Federazione Italiana Pallacanestro ha reso noto il\u00a0calendario della stagione 2014\/2015 della serie A2. La prima giornata per Latina \u00a0sar\u00e0 sul campo del Basket Recanati, il 5 ottobre; la Manetti Ravenna sar\u00e0 invece la prima ospite al Pala Bianchini [&hellip;]<\/p>\n","protected":false},"author":60,"featured_media":153304,"comment_status":"open","ping_status":"closed","sticky":false,"template":"","format":"standard","meta":{"footnotes":""},"categories":[16,17],"tags":[],"class_list":["post-153301","post","type-post","status-publish","format-standard","has-post-thumbnail","hentry","category-appuntamenti","category-sport"],"_links":{"self":[{"href":"https:\/\/www.radioluna.it\/news\/wp-json\/wp\/v2\/posts\/153301","targetHints":{"allow":["GET"]}}],"collection":[{"href":"https:\/\/www.radioluna.it\/news\/wp-json\/wp\/v2\/posts"}],"about":[{"href":"https:\/\/www.radioluna.it\/news\/wp-json\/wp\/v2\/types\/post"}],"author":[{"embeddable":true,"href":"https:\/\/www.radioluna.it\/news\/wp-json\/wp\/v2\/users\/60"}],"replies":[{"embeddable":true,"href":"https:\/\/www.radioluna.it\/news\/wp-json\/wp\/v2\/comments?post=153301"}],"version-history":[{"count":0,"href":"https:\/\/www.radioluna.it\/news\/wp-json\/wp\/v2\/posts\/153301\/revisions"}],"wp:featuredmedia":[{"embeddable":true,"href":"https:\/\/www.radioluna.it\/news\/wp-json\/wp\/v2\/media\/153304"}],"wp:attachment":[{"href":"https:\/\/www.radioluna.it\/news\/wp-json\/wp\/v2\/media?parent=153301"}],"wp:term":[{"taxonomy":"category","embeddable":true,"href":"https:\/\/www.radioluna.it\/news\/wp-json\/wp\/v2\/categories?post=153301"},{"taxonomy":"post_tag","embeddable":true,"href":"https:\/\/www.radioluna.it\/news\/wp-json\/wp\/v2\/tags?post=153301"}],"curies":[{"name":"wp","href":"https:\/\/api.w.org\/{rel}","templated":true}]}}