{"id":153318,"date":"2014-07-29T17:44:47","date_gmt":"2014-07-29T15:44:47","guid":{"rendered":"http:\/\/www.radioluna.it\/news\/?p=153318"},"modified":"2014-07-29T17:44:47","modified_gmt":"2014-07-29T15:44:47","slug":"sabaudia-seminario-sulla-gestione-delle-imprese-agricole","status":"publish","type":"post","link":"https:\/\/www.radioluna.it\/news\/2014\/07\/sabaudia-seminario-sulla-gestione-delle-imprese-agricole\/","title":{"rendered":"Sabaudia, seminario sulla gestione delle imprese agricole"},"content":{"rendered":"<div id=\"fb-root\"><\/div>\n<p style=\"text-align: justify;\"><img loading=\"lazy\" decoding=\"async\" class=\"alignleft wp-image-132731 size-thumbnail\" src=\"http:\/\/www.radioluna.it\/news\/wp-content\/uploads\/2013\/03\/SABAUDIA-150x150.jpg\" alt=\"SABAUDIA\" width=\"150\" height=\"150\" srcset=\"https:\/\/www.radioluna.it\/news\/wp-content\/uploads\/2013\/03\/SABAUDIA-150x150.jpg 150w, https:\/\/www.radioluna.it\/news\/wp-content\/uploads\/2013\/03\/SABAUDIA-80x80.jpg 80w, https:\/\/www.radioluna.it\/news\/wp-content\/uploads\/2013\/03\/SABAUDIA-50x50.jpg 50w\" sizes=\"auto, (max-width: 150px) 100vw, 150px\" \/>SABAUDIA &#8211; &#8220;Pianificazione e gestione delle imprese agricole&#8221;: luned\u00ec 4 agosto alle \u00a016.30, presso l&#8217;Aula Magna della Scuola del Corpo Forestale di Sabaudia \u00a0si terr\u00e0 il 10\u00b0 ed ultimo appuntamento del ciclo di seminari organizzati dall&#8217;ATS Agrosistema Pontino.\u00a0L&#8217;iniziativa, \u00e8 stata finanziata dal GAL &#8211; Gruppo di Azione Locale Terre Pontine.<br \/>\nI seminari hanno coinvolto ad oggi circa 150 operatori del mondo agricolo, rendendoli consapevoli del ruolo che oggi le aziende agrarie possono assumere in un contesto che ha subito profondi mutamenti strutturali ed organizzativi. Durante lo svolgimento dei seminari sono state analizzate le diverse componenti che possono creare difficolt\u00e0 ed incidere nei cambiamenti di assetto dell\u2019azienda, da sistema prevalentemente chiuso, a sistema aperto orientato ad una visione dinamica dell\u2019azienda incentrata su una gestione innovativa.<br \/>\nIl seminario rappresenta un momento di formazione incentrata su un metodo di \u201clearnig by doing\u201d e, di confronto tra i destinatari, finalizzato non solo a trasferire conoscenze ma con la mission di rendere gli imprenditori in grado di avviare un processo di trasformazione, in un settore che rappresenta uno dei punti di forza del territorio provinciale.<br \/>\nAprir\u00e0 i lavori il Sindaco di Sabaudia Maurizio Lucci che ha fortemente voluto divulgare questa opportunit\u00e0 per le aziende agricole del territorio; seguir\u00e0 poi il consigliere comunale Paola Moretto che approfondir\u00e0 l&#8217;importanza del ruolo della formazione nel campo agricolo. Al tavolo dei relatori, Il presidente del GAL &#8211; Terre Pontine, Felice Palumbo illustrer\u00e0 invece l&#8217;impegno dell&#8217;Associazione per favorire lo sviluppo locale dei territori rurali. Parteciperanno in qualit\u00e0 di testimoni, le aziende agricole che hanno aderito al Progetto; moderatrice del convegno sar\u00e0 il presidente del collegio dei Periti Agrari e dei Periti Agrari Laureati di Latina, Maria Grazia Passarelli. A chiusura dei lavori un uffet con i prodotti agricoli offerti dalle aziende coinvolte allestito e curato dagli allievi della Fondazione ITS Bio Campus di Latina.<\/p>\n","protected":false},"excerpt":{"rendered":"<p>SABAUDIA &#8211; &#8220;Pianificazione e gestione delle imprese agricole&#8221;: luned\u00ec 4 agosto alle \u00a016.30, presso l&#8217;Aula Magna della Scuola del Corpo Forestale di Sabaudia \u00a0si terr\u00e0 il 10\u00b0 ed ultimo appuntamento del ciclo di seminari organizzati dall&#8217;ATS Agrosistema Pontino.\u00a0L&#8217;iniziativa, \u00e8 stata finanziata dal GAL &#8211; Gruppo di Azione Locale Terre Pontine. I seminari hanno coinvolto ad [&hellip;]<\/p>\n","protected":false},"author":60,"featured_media":132731,"comment_status":"open","ping_status":"closed","sticky":false,"template":"","format":"standard","meta":{"footnotes":""},"categories":[16,7,11],"tags":[],"class_list":["post-153318","post","type-post","status-publish","format-standard","has-post-thumbnail","hentry","category-appuntamenti","category-cronaca","category-economia"],"_links":{"self":[{"href":"https:\/\/www.radioluna.it\/news\/wp-json\/wp\/v2\/posts\/153318","targetHints":{"allow":["GET"]}}],"collection":[{"href":"https:\/\/www.radioluna.it\/news\/wp-json\/wp\/v2\/posts"}],"about":[{"href":"https:\/\/www.radioluna.it\/news\/wp-json\/wp\/v2\/types\/post"}],"author":[{"embeddable":true,"href":"https:\/\/www.radioluna.it\/news\/wp-json\/wp\/v2\/users\/60"}],"replies":[{"embeddable":true,"href":"https:\/\/www.radioluna.it\/news\/wp-json\/wp\/v2\/comments?post=153318"}],"version-history":[{"count":0,"href":"https:\/\/www.radioluna.it\/news\/wp-json\/wp\/v2\/posts\/153318\/revisions"}],"wp:featuredmedia":[{"embeddable":true,"href":"https:\/\/www.radioluna.it\/news\/wp-json\/wp\/v2\/media\/132731"}],"wp:attachment":[{"href":"https:\/\/www.radioluna.it\/news\/wp-json\/wp\/v2\/media?parent=153318"}],"wp:term":[{"taxonomy":"category","embeddable":true,"href":"https:\/\/www.radioluna.it\/news\/wp-json\/wp\/v2\/categories?post=153318"},{"taxonomy":"post_tag","embeddable":true,"href":"https:\/\/www.radioluna.it\/news\/wp-json\/wp\/v2\/tags?post=153318"}],"curies":[{"name":"wp","href":"https:\/\/api.w.org\/{rel}","templated":true}]}}