{"id":153324,"date":"2014-07-29T18:28:51","date_gmt":"2014-07-29T16:28:51","guid":{"rendered":"http:\/\/www.radioluna.it\/news\/?p=153324"},"modified":"2014-07-29T18:28:51","modified_gmt":"2014-07-29T16:28:51","slug":"parchi-del-lazio-rilancio-delleconomia-verde","status":"publish","type":"post","link":"https:\/\/www.radioluna.it\/news\/2014\/07\/parchi-del-lazio-rilancio-delleconomia-verde\/","title":{"rendered":"Parchi del Lazio: rilancio dell&#8217;economia verde"},"content":{"rendered":"<div id=\"fb-root\"><\/div>\n<p style=\"text-align: justify;\"><img loading=\"lazy\" decoding=\"async\" class=\"alignleft wp-image-112730 size-thumbnail\" src=\"http:\/\/www.radioluna.it\/news\/wp-content\/uploads\/2011\/12\/Parco-del-Circeo1-150x150.jpg\" alt=\"Parco-del-Circeo1\" width=\"150\" height=\"150\" srcset=\"https:\/\/www.radioluna.it\/news\/wp-content\/uploads\/2011\/12\/Parco-del-Circeo1-150x150.jpg 150w, https:\/\/www.radioluna.it\/news\/wp-content\/uploads\/2011\/12\/Parco-del-Circeo1-300x300.jpg 300w, https:\/\/www.radioluna.it\/news\/wp-content\/uploads\/2011\/12\/Parco-del-Circeo1-50x50.jpg 50w, https:\/\/www.radioluna.it\/news\/wp-content\/uploads\/2011\/12\/Parco-del-Circeo1-80x80.jpg 80w\" sizes=\"auto, (max-width: 150px) 100vw, 150px\" \/>LATINA \u00a0&#8211; Legambiente presenta la proposta di riforma della legge sui Parchi del Lazio: nuovi parchi, subito i piani d&#8217;assetto, snellimento della burocrazia con l&#8217;accorpamento di riserve e monumenti naturali per aree contigue sul piano ecosistemico. Ma anche rilancio dell&#8217;economia verde per giovani e per imprenditori agricoli professionali che potranno usufruire dei P.U.A. nelle aree protette.<\/p>\n<p style=\"text-align: justify;\">Legambiente ha presentato nel corso di una conferenza stampa la proposta di riforma della legge regionale sui Parchi del Lazio. 280.000 ettari del territorio laziale sono in aree protette tra parchi, riserve e monumenti naturali; lo slancio essenziale per rilanciare l&#8217;azione dei parchi stessi dovr\u00e0 passare immancabilmente dalla revisione legislativa della legge 27 di quindici anni fa. \u00a0&#8220;Nuovi parchi, meno sprechi e pi\u00f9 responsabilit\u00e0 agli attori locali, ma anche piani d&#8217;assetto approvati in tempi veloci e contiguit\u00e0 ecosistemica garantita da enti territoriali, per gestire insieme aree protette di tipologia similare. C&#8217;\u00e8 bisogno di un rilancio forte dei parchi nella nostra regione &#8211; dichiara Roberto Scacchi direttore di Legambiente Lazio &#8211; che pu\u00f2 avvenire soltanto con un cambio di paradigma su questi territori. Se per anni i parchi sono stati infatti metodo di difesa primaria dall&#8217;assalto del cemento, grazie ai quali possiamo ancora apprezzare tanto verde nel Lazio, oggi bisogna cambiare rotta e devono divenire volano di sviluppo delle attivit\u00e0 ecosostenibili che, dalla buona agricoltura alla promozione del turismo dolce, possano dare la spinta propulsiva ad una nuova e pulsante economia verde. Tutto ci\u00f2 passa attraverso la modifica della legge quadro, aprendo strade nuove al territorio e rilanciando la nascita dei nuovi parchi, dai Lepini ai Monti della Tolfa, fino al grande progetto di parco interregionale del fiume Tevere. Da oggi partiamo con le mobilitazioni sui territori per il rilancio dei parchi ed il coinvolgimenti di tutti gli attori che hanno a cuore questo mondo. &#8220;<\/p>\n<p style=\"text-align: justify;\">La revisione proposta sar\u00e0 depositata formalmente nei prossimi giorni dalla consigliera regionale Cristiana Avenali e da quel momento partir\u00e0 l&#8217;iter del provvedimento. Una norma che, oltre le costituzioni di nuovi parchi, come i Monti Lepini e della Tolfa, vede migliorare la gestione complessiva del mondo dei parchi. Nelle more della norma sono infatti previste le approvazioni rapide per i Piani d&#8217;Assetto anche con il silenzio assenso della regione dopo un anno dalla presentazione, il rafforzamento delle comunit\u00e0 dei parchi che diverrebbero il vero fulcro vitale delle aree protette, gli interventi a favore dell&#8217;occupazione giovanile e quelli a vantaggio dello sviluppo della buona agricoltura sui territori vero volano per il rilancio dell&#8217;economia verde, questo avverr\u00e0 ampliando il novero degli interventi edilizi ammissibili nella zone di parco, ad eccezione delle zone di massima tutela (Zone A) incentivando cos\u00ec le modifiche di destinazioni d\u2019uso verso le attivit\u00e0 agricole e quelle ad esse connesse. Gli imprenditori agricoli professionali potranno invece usufruire dei P.U.A. (Piani di Utilizzazione Aziendale) all\u2019interno delle aree protette, quali strumenti di sviluppo delle attivit\u00e0 agricole.<\/p>\n<p style=\"text-align: justify;\">Oltre a quanto detto, secondo la legge, verranno accorpati i Monumenti naturali stabilendo che l\u2019organo di gestione sia non pi\u00f9 un ente pubblico appositamente istituito, bens\u00ec l\u2019ente di gestione di un\u2019area naturale protetta gi\u00e0 istituita pi\u00f9 prossima. Si prevede poi che il Presidente sia scelto tra persone che si siano distinte per gli studi e per le attivit\u00e0 nel campo della protezione dell\u2019ambiente, incompatibilmente con qualsiasi incarico pubblico amministrativo o elettivo e che oltre ad avere rappresentanza legale dell&#8217;Ente, possa proporre al direttivo del parco il direttore con procedure di evidenza pubblica; il Consiglio direttivo stesso vedrebbe una riduzione da sei a quattro membri con un Vicepresidente indicato dalle comunit\u00e0 del parco.<\/p>\n","protected":false},"excerpt":{"rendered":"<p>LATINA \u00a0&#8211; Legambiente presenta la proposta di riforma della legge sui Parchi del Lazio: nuovi parchi, subito i piani d&#8217;assetto, snellimento della burocrazia con l&#8217;accorpamento di riserve e monumenti naturali per aree contigue sul piano ecosistemico. Ma anche rilancio dell&#8217;economia verde per giovani e per imprenditori agricoli professionali che potranno usufruire dei P.U.A. nelle aree [&hellip;]<\/p>\n","protected":false},"author":60,"featured_media":112730,"comment_status":"open","ping_status":"closed","sticky":false,"template":"","format":"standard","meta":{"footnotes":""},"categories":[12,7],"tags":[],"class_list":["post-153324","post","type-post","status-publish","format-standard","has-post-thumbnail","hentry","category-ambiente","category-cronaca"],"_links":{"self":[{"href":"https:\/\/www.radioluna.it\/news\/wp-json\/wp\/v2\/posts\/153324","targetHints":{"allow":["GET"]}}],"collection":[{"href":"https:\/\/www.radioluna.it\/news\/wp-json\/wp\/v2\/posts"}],"about":[{"href":"https:\/\/www.radioluna.it\/news\/wp-json\/wp\/v2\/types\/post"}],"author":[{"embeddable":true,"href":"https:\/\/www.radioluna.it\/news\/wp-json\/wp\/v2\/users\/60"}],"replies":[{"embeddable":true,"href":"https:\/\/www.radioluna.it\/news\/wp-json\/wp\/v2\/comments?post=153324"}],"version-history":[{"count":0,"href":"https:\/\/www.radioluna.it\/news\/wp-json\/wp\/v2\/posts\/153324\/revisions"}],"wp:featuredmedia":[{"embeddable":true,"href":"https:\/\/www.radioluna.it\/news\/wp-json\/wp\/v2\/media\/112730"}],"wp:attachment":[{"href":"https:\/\/www.radioluna.it\/news\/wp-json\/wp\/v2\/media?parent=153324"}],"wp:term":[{"taxonomy":"category","embeddable":true,"href":"https:\/\/www.radioluna.it\/news\/wp-json\/wp\/v2\/categories?post=153324"},{"taxonomy":"post_tag","embeddable":true,"href":"https:\/\/www.radioluna.it\/news\/wp-json\/wp\/v2\/tags?post=153324"}],"curies":[{"name":"wp","href":"https:\/\/api.w.org\/{rel}","templated":true}]}}