{"id":153493,"date":"2014-08-01T20:09:22","date_gmt":"2014-08-01T18:09:22","guid":{"rendered":"http:\/\/www.radioluna.it\/news\/?p=153493"},"modified":"2014-08-01T20:09:22","modified_gmt":"2014-08-01T18:09:22","slug":"terracina-primo-passo-per-la-realizzazione-della-caserma-dei-vigili-del-fuoco","status":"publish","type":"post","link":"https:\/\/www.radioluna.it\/news\/2014\/08\/terracina-primo-passo-per-la-realizzazione-della-caserma-dei-vigili-del-fuoco\/","title":{"rendered":"Terracina, primo passo per la realizzazione della Caserma dei Vigili del Fuoco"},"content":{"rendered":"<div id=\"fb-root\"><\/div>\n<p style=\"text-align: justify;\"><img loading=\"lazy\" decoding=\"async\" class=\"alignleft wp-image-111588 size-thumbnail\" src=\"http:\/\/www.radioluna.it\/news\/wp-content\/uploads\/2011\/11\/vigili_del_fuoco-generica-150x150.jpg\" alt=\"vigili_del_fuoco-generica\" width=\"150\" height=\"150\" srcset=\"https:\/\/www.radioluna.it\/news\/wp-content\/uploads\/2011\/11\/vigili_del_fuoco-generica-150x150.jpg 150w, https:\/\/www.radioluna.it\/news\/wp-content\/uploads\/2011\/11\/vigili_del_fuoco-generica-300x300.jpg 300w, https:\/\/www.radioluna.it\/news\/wp-content\/uploads\/2011\/11\/vigili_del_fuoco-generica-50x50.jpg 50w, https:\/\/www.radioluna.it\/news\/wp-content\/uploads\/2011\/11\/vigili_del_fuoco-generica-80x80.jpg 80w\" sizes=\"auto, (max-width: 150px) 100vw, 150px\" \/>TERRACINA &#8211; Un passo importante per la realizzazione della Caserma dei Vigili del Fuoco a Terracina.\u00a0E&#8217;\u00a0\u00a0stato stipulato oggi tra la Ada Nasti, dirigente del Dipartimento Finanziario &#8211; Settore Patrimonio del Comune di Terracina e Cristina D&#8217;Angelo, comandante Provinciale dei Vigili del Fuoco di Latina, il contratto di comodato. Il \u00a0Comune di Terracina ha infatti, concesso in comodato d&#8217;uso gratuito al Ministero dell&#8217; Interno &#8211; Dipartimento Vigili del Fuoco, Soccorso Pubblico e Difesa Civile &#8211; l&#8217; immobile di sua propriet\u00e0, situato sull&#8217;Appia, affinch\u00e9 venga utilizzato per la realizzazione della nuova caserma.\u00a0La durata del contratto che partir\u00e0 il primo settembre ha\u00a0la durata di 99 anni rinnovabili.<br \/>\nIl Dipartimento dei Vigili del Fuoco ha gi\u00e0 provveduto a bandire la gara per la progettazione esecutiva della stessa sede, la cui planimetria \u00e8 stata gi\u00e0 individuata con il Comando Provinciale Vigili del Fuoco di Latina.<\/p>\n","protected":false},"excerpt":{"rendered":"<p>TERRACINA &#8211; Un passo importante per la realizzazione della Caserma dei Vigili del Fuoco a Terracina.\u00a0E&#8217;\u00a0\u00a0stato stipulato oggi tra la Ada Nasti, dirigente del Dipartimento Finanziario &#8211; Settore Patrimonio del Comune di Terracina e Cristina D&#8217;Angelo, comandante Provinciale dei Vigili del Fuoco di Latina, il contratto di comodato. Il \u00a0Comune di Terracina ha infatti, concesso [&hellip;]<\/p>\n","protected":false},"author":60,"featured_media":111588,"comment_status":"open","ping_status":"closed","sticky":false,"template":"","format":"standard","meta":{"footnotes":""},"categories":[7],"tags":[],"class_list":["post-153493","post","type-post","status-publish","format-standard","has-post-thumbnail","hentry","category-cronaca"],"_links":{"self":[{"href":"https:\/\/www.radioluna.it\/news\/wp-json\/wp\/v2\/posts\/153493","targetHints":{"allow":["GET"]}}],"collection":[{"href":"https:\/\/www.radioluna.it\/news\/wp-json\/wp\/v2\/posts"}],"about":[{"href":"https:\/\/www.radioluna.it\/news\/wp-json\/wp\/v2\/types\/post"}],"author":[{"embeddable":true,"href":"https:\/\/www.radioluna.it\/news\/wp-json\/wp\/v2\/users\/60"}],"replies":[{"embeddable":true,"href":"https:\/\/www.radioluna.it\/news\/wp-json\/wp\/v2\/comments?post=153493"}],"version-history":[{"count":0,"href":"https:\/\/www.radioluna.it\/news\/wp-json\/wp\/v2\/posts\/153493\/revisions"}],"wp:featuredmedia":[{"embeddable":true,"href":"https:\/\/www.radioluna.it\/news\/wp-json\/wp\/v2\/media\/111588"}],"wp:attachment":[{"href":"https:\/\/www.radioluna.it\/news\/wp-json\/wp\/v2\/media?parent=153493"}],"wp:term":[{"taxonomy":"category","embeddable":true,"href":"https:\/\/www.radioluna.it\/news\/wp-json\/wp\/v2\/categories?post=153493"},{"taxonomy":"post_tag","embeddable":true,"href":"https:\/\/www.radioluna.it\/news\/wp-json\/wp\/v2\/tags?post=153493"}],"curies":[{"name":"wp","href":"https:\/\/api.w.org\/{rel}","templated":true}]}}