{"id":153627,"date":"2014-08-05T17:05:50","date_gmt":"2014-08-05T15:05:50","guid":{"rendered":"http:\/\/www.radioluna.it\/news\/?p=153627"},"modified":"2014-08-05T17:05:50","modified_gmt":"2014-08-05T15:05:50","slug":"mattia-perin-verso-il-milan","status":"publish","type":"post","link":"https:\/\/www.radioluna.it\/news\/2014\/08\/mattia-perin-verso-il-milan\/","title":{"rendered":"Mattia Perin verso il Milan"},"content":{"rendered":"<div id=\"fb-root\"><\/div>\n<p style=\"text-align: justify;\"><img loading=\"lazy\" decoding=\"async\" class=\"aligncenter size-full wp-image-153628\" src=\"http:\/\/www.radioluna.it\/news\/wp-content\/uploads\/2014\/08\/Mattia-Perin.jpg\" alt=\"Mattia-Perin\" width=\"620\" height=\"400\" srcset=\"https:\/\/www.radioluna.it\/news\/wp-content\/uploads\/2014\/08\/Mattia-Perin.jpg 620w, https:\/\/www.radioluna.it\/news\/wp-content\/uploads\/2014\/08\/Mattia-Perin-300x194.jpg 300w, https:\/\/www.radioluna.it\/news\/wp-content\/uploads\/2014\/08\/Mattia-Perin-500x323.jpg 500w\" sizes=\"auto, (max-width: 620px) 100vw, 620px\" \/><\/p>\n<p style=\"text-align: justify;\">LATINA &#8211;\u00a0Mattia Perin potrebbe essere il nuovo portiere del Milan. Lo riferisce Sport Mediaset: Adriano Galliani ed Enrico Preziosi hanno cercato infatti, l&#8217;intesa e un incontro \u00e8 previsto nelle prossime ore per mettere a punto la trattativa. Per il Milan, la valutazione \u00e8 di 10 milioni. Una chiamata prestigiosa per il giovane portiere di Latina, che appena 21 enne ha gi\u00e0 preso parte al Mondiale in Brasile, convocato da Prandelli, come terzo portiere.<\/p>\n","protected":false},"excerpt":{"rendered":"<p>LATINA &#8211;\u00a0Mattia Perin potrebbe essere il nuovo portiere del Milan. Lo riferisce Sport Mediaset: Adriano Galliani ed Enrico Preziosi hanno cercato infatti, l&#8217;intesa e un incontro \u00e8 previsto nelle prossime ore per mettere a punto la trattativa. Per il Milan, la valutazione \u00e8 di 10 milioni. Una chiamata prestigiosa per il giovane portiere di Latina, [&hellip;]<\/p>\n","protected":false},"author":60,"featured_media":153628,"comment_status":"open","ping_status":"closed","sticky":false,"template":"","format":"standard","meta":{"footnotes":""},"categories":[17],"tags":[],"class_list":["post-153627","post","type-post","status-publish","format-standard","has-post-thumbnail","hentry","category-sport"],"_links":{"self":[{"href":"https:\/\/www.radioluna.it\/news\/wp-json\/wp\/v2\/posts\/153627","targetHints":{"allow":["GET"]}}],"collection":[{"href":"https:\/\/www.radioluna.it\/news\/wp-json\/wp\/v2\/posts"}],"about":[{"href":"https:\/\/www.radioluna.it\/news\/wp-json\/wp\/v2\/types\/post"}],"author":[{"embeddable":true,"href":"https:\/\/www.radioluna.it\/news\/wp-json\/wp\/v2\/users\/60"}],"replies":[{"embeddable":true,"href":"https:\/\/www.radioluna.it\/news\/wp-json\/wp\/v2\/comments?post=153627"}],"version-history":[{"count":0,"href":"https:\/\/www.radioluna.it\/news\/wp-json\/wp\/v2\/posts\/153627\/revisions"}],"wp:featuredmedia":[{"embeddable":true,"href":"https:\/\/www.radioluna.it\/news\/wp-json\/wp\/v2\/media\/153628"}],"wp:attachment":[{"href":"https:\/\/www.radioluna.it\/news\/wp-json\/wp\/v2\/media?parent=153627"}],"wp:term":[{"taxonomy":"category","embeddable":true,"href":"https:\/\/www.radioluna.it\/news\/wp-json\/wp\/v2\/categories?post=153627"},{"taxonomy":"post_tag","embeddable":true,"href":"https:\/\/www.radioluna.it\/news\/wp-json\/wp\/v2\/tags?post=153627"}],"curies":[{"name":"wp","href":"https:\/\/api.w.org\/{rel}","templated":true}]}}