{"id":153954,"date":"2014-08-12T12:43:54","date_gmt":"2014-08-12T10:43:54","guid":{"rendered":"http:\/\/www.radioluna.it\/news\/?p=153954"},"modified":"2014-08-12T12:43:54","modified_gmt":"2014-08-12T10:43:54","slug":"stretta-ai-vitalizi-della-regione-lazio-la-proposta-dei-cinquestelle","status":"publish","type":"post","link":"https:\/\/www.radioluna.it\/news\/2014\/08\/stretta-ai-vitalizi-della-regione-lazio-la-proposta-dei-cinquestelle\/","title":{"rendered":"Stretta ai vitalizi della Regione Lazio, la proposta dei Cinquestelle"},"content":{"rendered":"<div id=\"fb-root\"><\/div>\n<p style=\"text-align: justify;\"><strong><img loading=\"lazy\" decoding=\"async\" class=\"alignleft size-medium wp-image-123715\" src=\"http:\/\/www.radioluna.it\/news\/wp-content\/uploads\/2012\/08\/vitalizi-300x214.jpg\" alt=\"vitalizi\" width=\"300\" height=\"214\" srcset=\"https:\/\/www.radioluna.it\/news\/wp-content\/uploads\/2012\/08\/vitalizi-300x214.jpg 300w, https:\/\/www.radioluna.it\/news\/wp-content\/uploads\/2012\/08\/vitalizi-768x549.jpg 768w, https:\/\/www.radioluna.it\/news\/wp-content\/uploads\/2012\/08\/vitalizi-500x357.jpg 500w, https:\/\/www.radioluna.it\/news\/wp-content\/uploads\/2012\/08\/vitalizi.jpg 795w\" sizes=\"auto, (max-width: 300px) 100vw, 300px\" \/>LATINA<\/strong> &#8211; Arriver\u00e0 una stretta ai generosi vitalizi che i consiglieri regionali del Lazio possono incassare mensilmente a partire dai 50 anni di et\u00e0, praticamente quando da punto di vista lavorativo, sono ancora dei bambini. La norma, o meglio l&#8217;assurdo privilegio, va cancellato, soprattutto in tempi in cui la spending review tocca direttamente i cittadini e i servizi a loro resi dallo Stato e dalle Regioni. Per questo il presidente della Regione Lazio, Nicola\u00a0Zingaretti, pressato dall&#8217;opinione pubblica, ha promesso che se ne parler\u00e0 a settembre, \u00a0dopo la pausa estiva.<\/p>\n<p style=\"text-align: justify;\">&#8220;Una nostra proposta per la rimodulazione di questi privilegi \u00e8 gi\u00e0 depositata da mesi e il suo contenuto \u00e8 lo stesso declamato dalla maggioranza quando promette tagli &#8211; dichiara Gianluca Perilli, consigliere del M5S Lazio &#8211; \u00a0E\u2019 paradossale che si parli di diritto quesito mentre si licenziano lavoratori e si tagliano le pensioni o che si consideri \u201cdignitosa\u201d solo una vita da pi\u00f9 di diecimila euro al mese. A settembre dobbiamo darci da fare e sviluppare una legge che vieti il cumulo, aumenti a 65 anni l\u2019et\u00e0 per percepire l\u2019assegno e preveda o il passaggio a un sistema contributivo, che includa le diarie, o un contributo di solidariet\u00e0, come previsto dalla legge e sancito dalla Corte Costituzionale\u201d.<\/p>\n","protected":false},"excerpt":{"rendered":"<p>LATINA &#8211; Arriver\u00e0 una stretta ai generosi vitalizi che i consiglieri regionali del Lazio possono incassare mensilmente a partire dai 50 anni di et\u00e0, praticamente quando da punto di vista lavorativo, sono ancora dei bambini. La norma, o meglio l&#8217;assurdo privilegio, va cancellato, soprattutto in tempi in cui la spending review tocca direttamente i cittadini [&hellip;]<\/p>\n","protected":false},"author":62,"featured_media":123715,"comment_status":"open","ping_status":"closed","sticky":false,"template":"","format":"standard","meta":{"footnotes":""},"categories":[8],"tags":[],"class_list":["post-153954","post","type-post","status-publish","format-standard","has-post-thumbnail","hentry","category-politica"],"_links":{"self":[{"href":"https:\/\/www.radioluna.it\/news\/wp-json\/wp\/v2\/posts\/153954","targetHints":{"allow":["GET"]}}],"collection":[{"href":"https:\/\/www.radioluna.it\/news\/wp-json\/wp\/v2\/posts"}],"about":[{"href":"https:\/\/www.radioluna.it\/news\/wp-json\/wp\/v2\/types\/post"}],"author":[{"embeddable":true,"href":"https:\/\/www.radioluna.it\/news\/wp-json\/wp\/v2\/users\/62"}],"replies":[{"embeddable":true,"href":"https:\/\/www.radioluna.it\/news\/wp-json\/wp\/v2\/comments?post=153954"}],"version-history":[{"count":0,"href":"https:\/\/www.radioluna.it\/news\/wp-json\/wp\/v2\/posts\/153954\/revisions"}],"wp:featuredmedia":[{"embeddable":true,"href":"https:\/\/www.radioluna.it\/news\/wp-json\/wp\/v2\/media\/123715"}],"wp:attachment":[{"href":"https:\/\/www.radioluna.it\/news\/wp-json\/wp\/v2\/media?parent=153954"}],"wp:term":[{"taxonomy":"category","embeddable":true,"href":"https:\/\/www.radioluna.it\/news\/wp-json\/wp\/v2\/categories?post=153954"},{"taxonomy":"post_tag","embeddable":true,"href":"https:\/\/www.radioluna.it\/news\/wp-json\/wp\/v2\/tags?post=153954"}],"curies":[{"name":"wp","href":"https:\/\/api.w.org\/{rel}","templated":true}]}}