{"id":153992,"date":"2014-08-13T09:49:37","date_gmt":"2014-08-13T07:49:37","guid":{"rendered":"http:\/\/www.radioluna.it\/news\/?p=153992"},"modified":"2014-08-13T09:49:37","modified_gmt":"2014-08-13T07:49:37","slug":"albertazzi-ad-anzio-a-villa-adele","status":"publish","type":"post","link":"https:\/\/www.radioluna.it\/news\/2014\/08\/albertazzi-ad-anzio-a-villa-adele\/","title":{"rendered":"Albertazzi ad Anzio a Villa Adele"},"content":{"rendered":"<div id=\"fb-root\"><\/div>\n<div id=\"attachment_112061\" style=\"width: 160px\" class=\"wp-caption alignleft\"><img loading=\"lazy\" decoding=\"async\" aria-describedby=\"caption-attachment-112061\" class=\"size-thumbnail wp-image-112061\" src=\"http:\/\/www.radioluna.it\/news\/wp-content\/uploads\/2011\/11\/Giorgio-Albertazzi-2-150x150.jpg\" alt=\"Giorgio Albertazzi\" width=\"150\" height=\"150\" srcset=\"https:\/\/www.radioluna.it\/news\/wp-content\/uploads\/2011\/11\/Giorgio-Albertazzi-2-150x150.jpg 150w, https:\/\/www.radioluna.it\/news\/wp-content\/uploads\/2011\/11\/Giorgio-Albertazzi-2-300x300.jpg 300w, https:\/\/www.radioluna.it\/news\/wp-content\/uploads\/2011\/11\/Giorgio-Albertazzi-2-80x80.jpg 80w, https:\/\/www.radioluna.it\/news\/wp-content\/uploads\/2011\/11\/Giorgio-Albertazzi-2-50x50.jpg 50w\" sizes=\"auto, (max-width: 150px) 100vw, 150px\" \/><p id=\"caption-attachment-112061\" class=\"wp-caption-text\">Giorgio Albertazzi<\/p><\/div>\n<p style=\"text-align: justify;\"><strong>ANZIO<\/strong> &#8211; La Citt\u00e0 di Anzio, gioved\u00ec <strong>14 agosto<\/strong> dalle 21.30, festegger\u00e0 \u00a0Ferragosto con uno spettacolo in Piazza Garibaldi organizzato dalla Comunit\u00e0 Giovanile di Anzio e dalla CST Danza. Sul palco si esibiranno dieci artisti di Anzio&#8217;s Got Talent 2014, presentati da Angelo Centofanti che condurr\u00e0 la serata. Alle 23.30 \u00e8 previsto un grandioso spettacolo pirotecnico sul Porto di Anzio. A seguire, sempre in Piazza Garibaldi, \u00e8 prevista musica dal vivo e balli che coinvolgeranno i cittadini ed i turisti che trascorreranno ad Anzio il Ferragosto.<\/p>\n<p style=\"text-align: justify;\">Al teatro all&#8217;aperto di Villa Adele<strong> venerd\u00ec 15 agosto,<\/strong> alle ore 21.00, andr\u00e0 in scena Giorgio Albertazzi con &#8220;il Mercante di Venezia&#8221; di William Shakespeare; sabato 16 agosto, con ingresso libero, sar\u00e0 protagonista il cabarettista Luciano Lembo con &#8220;80euro voglia di ridere&#8221;; luned\u00ec 18 agosto sar\u00e0 la volta di Ornella Muti in &#8220;Processo alla Strega&#8221;.\u00a0\u00a0\u00a0\u00a0 <em>\u00a0<\/em><\/p>\n<p style=\"text-align: justify;\">\n","protected":false},"excerpt":{"rendered":"<p>ANZIO &#8211; La Citt\u00e0 di Anzio, gioved\u00ec 14 agosto dalle 21.30, festegger\u00e0 \u00a0Ferragosto con uno spettacolo in Piazza Garibaldi organizzato dalla Comunit\u00e0 Giovanile di Anzio e dalla CST Danza. Sul palco si esibiranno dieci artisti di Anzio&#8217;s Got Talent 2014, presentati da Angelo Centofanti che condurr\u00e0 la serata. Alle 23.30 \u00e8 previsto un grandioso spettacolo [&hellip;]<\/p>\n","protected":false},"author":62,"featured_media":112061,"comment_status":"open","ping_status":"closed","sticky":false,"template":"","format":"standard","meta":{"footnotes":""},"categories":[16],"tags":[],"class_list":["post-153992","post","type-post","status-publish","format-standard","has-post-thumbnail","hentry","category-appuntamenti"],"_links":{"self":[{"href":"https:\/\/www.radioluna.it\/news\/wp-json\/wp\/v2\/posts\/153992","targetHints":{"allow":["GET"]}}],"collection":[{"href":"https:\/\/www.radioluna.it\/news\/wp-json\/wp\/v2\/posts"}],"about":[{"href":"https:\/\/www.radioluna.it\/news\/wp-json\/wp\/v2\/types\/post"}],"author":[{"embeddable":true,"href":"https:\/\/www.radioluna.it\/news\/wp-json\/wp\/v2\/users\/62"}],"replies":[{"embeddable":true,"href":"https:\/\/www.radioluna.it\/news\/wp-json\/wp\/v2\/comments?post=153992"}],"version-history":[{"count":0,"href":"https:\/\/www.radioluna.it\/news\/wp-json\/wp\/v2\/posts\/153992\/revisions"}],"wp:featuredmedia":[{"embeddable":true,"href":"https:\/\/www.radioluna.it\/news\/wp-json\/wp\/v2\/media\/112061"}],"wp:attachment":[{"href":"https:\/\/www.radioluna.it\/news\/wp-json\/wp\/v2\/media?parent=153992"}],"wp:term":[{"taxonomy":"category","embeddable":true,"href":"https:\/\/www.radioluna.it\/news\/wp-json\/wp\/v2\/categories?post=153992"},{"taxonomy":"post_tag","embeddable":true,"href":"https:\/\/www.radioluna.it\/news\/wp-json\/wp\/v2\/tags?post=153992"}],"curies":[{"name":"wp","href":"https:\/\/api.w.org\/{rel}","templated":true}]}}