{"id":154042,"date":"2014-08-14T11:08:42","date_gmt":"2014-08-14T09:08:42","guid":{"rendered":"http:\/\/www.radioluna.it\/news\/?p=154042"},"modified":"2014-08-14T11:09:26","modified_gmt":"2014-08-14T09:09:26","slug":"viaggio-nel-flamenco-a-sermoneta","status":"publish","type":"post","link":"https:\/\/www.radioluna.it\/news\/2014\/08\/viaggio-nel-flamenco-a-sermoneta\/","title":{"rendered":"Viaggio nel flamenco a Sermoneta"},"content":{"rendered":"<div id=\"fb-root\"><\/div>\n<p style=\"text-align: justify;\"><strong><img loading=\"lazy\" decoding=\"async\" class=\"alignleft wp-image-154043 size-medium\" src=\"http:\/\/www.radioluna.it\/news\/wp-content\/uploads\/2014\/08\/velada-225x300.jpg\" alt=\"velada\" width=\"225\" height=\"300\" srcset=\"https:\/\/www.radioluna.it\/news\/wp-content\/uploads\/2014\/08\/velada-225x300.jpg 225w, https:\/\/www.radioluna.it\/news\/wp-content\/uploads\/2014\/08\/velada-768x1024.jpg 768w, https:\/\/www.radioluna.it\/news\/wp-content\/uploads\/2014\/08\/velada-500x667.jpg 500w, https:\/\/www.radioluna.it\/news\/wp-content\/uploads\/2014\/08\/velada-635x846.jpg 635w, https:\/\/www.radioluna.it\/news\/wp-content\/uploads\/2014\/08\/velada-800x1066.jpg 800w, https:\/\/www.radioluna.it\/news\/wp-content\/uploads\/2014\/08\/velada.jpg 1200w\" sizes=\"auto, (max-width: 225px) 100vw, 225px\" \/>SERMONETA<\/strong> &#8211; \u00a0La Proloco di Sermoneta ha organizzato, con la partecipazione del Comune, lo spettacolo di Flamenco \u201cVELADA FLAMENCA\u201d di Antonio el Tabanco e il suo gruppo, provenienti dalla Spagna. Lo spettacolo si terr\u00e0 domenica 17 Agosto alle ore 21.00, al Belvedere di Sermoneta.<\/p>\n<p style=\"text-align: justify;\">\u201cVelada Flamenca\u201d \u00e8 un viaggio tra i diversi generi di Flamenco: dalla sensualit\u00e0 del Tango alla forza della Solea, fino ad arrivare alla festivit\u00e0 della Bulerias. Gli artisti si esibiscono cantando, suonando la chitarra e danzando. L\u2019ingresso \u00e8 gratuito.<\/p>\n<p>&nbsp;<\/p>\n","protected":false},"excerpt":{"rendered":"<p>SERMONETA &#8211; \u00a0La Proloco di Sermoneta ha organizzato, con la partecipazione del Comune, lo spettacolo di Flamenco \u201cVELADA FLAMENCA\u201d di Antonio el Tabanco e il suo gruppo, provenienti dalla Spagna. Lo spettacolo si terr\u00e0 domenica 17 Agosto alle ore 21.00, al Belvedere di Sermoneta. \u201cVelada Flamenca\u201d \u00e8 un viaggio tra i diversi generi di Flamenco: [&hellip;]<\/p>\n","protected":false},"author":62,"featured_media":154043,"comment_status":"open","ping_status":"closed","sticky":false,"template":"","format":"standard","meta":{"footnotes":""},"categories":[16],"tags":[],"class_list":["post-154042","post","type-post","status-publish","format-standard","has-post-thumbnail","hentry","category-appuntamenti"],"_links":{"self":[{"href":"https:\/\/www.radioluna.it\/news\/wp-json\/wp\/v2\/posts\/154042","targetHints":{"allow":["GET"]}}],"collection":[{"href":"https:\/\/www.radioluna.it\/news\/wp-json\/wp\/v2\/posts"}],"about":[{"href":"https:\/\/www.radioluna.it\/news\/wp-json\/wp\/v2\/types\/post"}],"author":[{"embeddable":true,"href":"https:\/\/www.radioluna.it\/news\/wp-json\/wp\/v2\/users\/62"}],"replies":[{"embeddable":true,"href":"https:\/\/www.radioluna.it\/news\/wp-json\/wp\/v2\/comments?post=154042"}],"version-history":[{"count":0,"href":"https:\/\/www.radioluna.it\/news\/wp-json\/wp\/v2\/posts\/154042\/revisions"}],"wp:featuredmedia":[{"embeddable":true,"href":"https:\/\/www.radioluna.it\/news\/wp-json\/wp\/v2\/media\/154043"}],"wp:attachment":[{"href":"https:\/\/www.radioluna.it\/news\/wp-json\/wp\/v2\/media?parent=154042"}],"wp:term":[{"taxonomy":"category","embeddable":true,"href":"https:\/\/www.radioluna.it\/news\/wp-json\/wp\/v2\/categories?post=154042"},{"taxonomy":"post_tag","embeddable":true,"href":"https:\/\/www.radioluna.it\/news\/wp-json\/wp\/v2\/tags?post=154042"}],"curies":[{"name":"wp","href":"https:\/\/api.w.org\/{rel}","templated":true}]}}