{"id":154054,"date":"2014-08-14T12:49:59","date_gmt":"2014-08-14T10:49:59","guid":{"rendered":"http:\/\/www.radioluna.it\/news\/?p=154054"},"modified":"2014-08-14T12:49:59","modified_gmt":"2014-08-14T10:49:59","slug":"latina-basket-arriva-kyle-austin","status":"publish","type":"post","link":"https:\/\/www.radioluna.it\/news\/2014\/08\/latina-basket-arriva-kyle-austin\/","title":{"rendered":"Latina Basket, arriva Kyle Austin"},"content":{"rendered":"<div id=\"fb-root\"><\/div>\n<p style=\"text-align: justify;\"><img loading=\"lazy\" decoding=\"async\" class=\"aligncenter size-thumbnail wp-image-154055\" src=\"http:\/\/www.radioluna.it\/news\/wp-content\/uploads\/2014\/08\/kylie-635x357.jpg\" alt=\"kylie\" width=\"635\" height=\"357\" srcset=\"https:\/\/www.radioluna.it\/news\/wp-content\/uploads\/2014\/08\/kylie-635x357.jpg 635w, https:\/\/www.radioluna.it\/news\/wp-content\/uploads\/2014\/08\/kylie-300x169.jpg 300w, https:\/\/www.radioluna.it\/news\/wp-content\/uploads\/2014\/08\/kylie-500x281.jpg 500w, https:\/\/www.radioluna.it\/news\/wp-content\/uploads\/2014\/08\/kylie.jpg 640w\" sizes=\"auto, (max-width: 635px) 100vw, 635px\" \/>LATINA &#8211; La Benacquista Assicurazioni Latina Basket mette a segno l&#8217;ultimo colpo di mercato. A quattro giorni dall&#8217;inizio della preparazione atletica al gruppo di coach Garelli si aggiunge \u00a0l\u2019atleta Kyle Austin che completa il roster nerazzurro per la stagione 2014\/2015.<\/p>\n<p style=\"text-align: justify;\">CHI E&#8217; &#8211; Kyle, nato a Pasadena (California) il 18 ottobre 1988, \u00e8 un\u2019ala-grande di 203 cm proveniente dalla Bawer Matera con cui ha disputato la sua prima stagione in Italia:\u00a0<strong>\u00a0\u00abLa ragione principale che mi ha spinto a scegliere Latina \u00e8 basata sui giocatori che sono gi\u00e0 stati ingaggiati. Sono certo che noi, giocando tutti insieme, saremo una delle squadre pi\u00f9 forti della categoria. Lo scorso anno il mio obiettivo a Matera era quello di vincere il campionato, non \u00e8 stato cosi, quindi voglio farlo in questa stagione\u00bb<\/strong>. Il suo esordio italiano in Lega2 Silver si \u00e8 concluso con medie eccezionali: 17.1 punti, 6.6 rimbalzi e 1.3 assist.<\/p>\n<p style=\"text-align: justify;\">Austin approda a Latina dove trover\u00e0 anche Cantone, suo compagno di squadra fino a pochi mesi fa. &#8220;Il Presidente Lucio Benacquista e tutta la societ\u00e0 Latina Basket danno un \u201chearty welcome\u201d a Kyle, facendogli un grande in bocca al lupo per la sua avventura in terra pontina&#8221;, si legge in un comunicato del Latina Basket.<\/p>\n","protected":false},"excerpt":{"rendered":"<p>LATINA &#8211; La Benacquista Assicurazioni Latina Basket mette a segno l&#8217;ultimo colpo di mercato. A quattro giorni dall&#8217;inizio della preparazione atletica al gruppo di coach Garelli si aggiunge \u00a0l\u2019atleta Kyle Austin che completa il roster nerazzurro per la stagione 2014\/2015. CHI E&#8217; &#8211; Kyle, nato a Pasadena (California) il 18 ottobre 1988, \u00e8 un\u2019ala-grande di [&hellip;]<\/p>\n","protected":false},"author":62,"featured_media":154055,"comment_status":"open","ping_status":"closed","sticky":false,"template":"","format":"standard","meta":{"footnotes":""},"categories":[17],"tags":[],"class_list":["post-154054","post","type-post","status-publish","format-standard","has-post-thumbnail","hentry","category-sport"],"_links":{"self":[{"href":"https:\/\/www.radioluna.it\/news\/wp-json\/wp\/v2\/posts\/154054","targetHints":{"allow":["GET"]}}],"collection":[{"href":"https:\/\/www.radioluna.it\/news\/wp-json\/wp\/v2\/posts"}],"about":[{"href":"https:\/\/www.radioluna.it\/news\/wp-json\/wp\/v2\/types\/post"}],"author":[{"embeddable":true,"href":"https:\/\/www.radioluna.it\/news\/wp-json\/wp\/v2\/users\/62"}],"replies":[{"embeddable":true,"href":"https:\/\/www.radioluna.it\/news\/wp-json\/wp\/v2\/comments?post=154054"}],"version-history":[{"count":0,"href":"https:\/\/www.radioluna.it\/news\/wp-json\/wp\/v2\/posts\/154054\/revisions"}],"wp:featuredmedia":[{"embeddable":true,"href":"https:\/\/www.radioluna.it\/news\/wp-json\/wp\/v2\/media\/154055"}],"wp:attachment":[{"href":"https:\/\/www.radioluna.it\/news\/wp-json\/wp\/v2\/media?parent=154054"}],"wp:term":[{"taxonomy":"category","embeddable":true,"href":"https:\/\/www.radioluna.it\/news\/wp-json\/wp\/v2\/categories?post=154054"},{"taxonomy":"post_tag","embeddable":true,"href":"https:\/\/www.radioluna.it\/news\/wp-json\/wp\/v2\/tags?post=154054"}],"curies":[{"name":"wp","href":"https:\/\/api.w.org\/{rel}","templated":true}]}}