{"id":154064,"date":"2014-08-14T18:13:33","date_gmt":"2014-08-14T16:13:33","guid":{"rendered":"http:\/\/www.radioluna.it\/news\/?p=154064"},"modified":"2014-08-14T18:13:33","modified_gmt":"2014-08-14T16:13:33","slug":"formia-lopera-pittorica-di-normanno-soscia-alla-torre-di-mola","status":"publish","type":"post","link":"https:\/\/www.radioluna.it\/news\/2014\/08\/formia-lopera-pittorica-di-normanno-soscia-alla-torre-di-mola\/","title":{"rendered":"Formia, l\u2019opera pittorica di Normanno Soscia alla torre di Mola"},"content":{"rendered":"<div id=\"fb-root\"><\/div>\n<p style=\"text-align: justify;\"><img loading=\"lazy\" decoding=\"async\" class=\"aligncenter size-thumbnail wp-image-154066\" src=\"http:\/\/www.radioluna.it\/news\/wp-content\/uploads\/2014\/08\/MANIFESTO-MOSTRA-NORMANNO-Soscia-635x998.jpg\" alt=\"MANIFESTO MOSTRA NORMANNO Soscia\" width=\"635\" height=\"998\" srcset=\"https:\/\/www.radioluna.it\/news\/wp-content\/uploads\/2014\/08\/MANIFESTO-MOSTRA-NORMANNO-Soscia-635x998.jpg 635w, https:\/\/www.radioluna.it\/news\/wp-content\/uploads\/2014\/08\/MANIFESTO-MOSTRA-NORMANNO-Soscia-191x300.jpg 191w, https:\/\/www.radioluna.it\/news\/wp-content\/uploads\/2014\/08\/MANIFESTO-MOSTRA-NORMANNO-Soscia-768x1207.jpg 768w, https:\/\/www.radioluna.it\/news\/wp-content\/uploads\/2014\/08\/MANIFESTO-MOSTRA-NORMANNO-Soscia-652x1024.jpg 652w, https:\/\/www.radioluna.it\/news\/wp-content\/uploads\/2014\/08\/MANIFESTO-MOSTRA-NORMANNO-Soscia-500x786.jpg 500w, https:\/\/www.radioluna.it\/news\/wp-content\/uploads\/2014\/08\/MANIFESTO-MOSTRA-NORMANNO-Soscia-800x1257.jpg 800w, https:\/\/www.radioluna.it\/news\/wp-content\/uploads\/2014\/08\/MANIFESTO-MOSTRA-NORMANNO-Soscia.jpg 1000w\" sizes=\"auto, (max-width: 635px) 100vw, 635px\" \/><\/p>\n<p style=\"text-align: justify;\">FORMIA \u2013 \u00a0L\u2019arte di Normanno Soscia anima l\u2019importante mostra antologica in programma alla torre di Mola a partire da mercoled\u00ec 20 agosto. L\u2019iniziativa \u00e8 promossa dall\u2019Assessorato alla Cultura del Comune di Formia nell\u2019ambito della rassegna \u201cI luoghi dell\u2019arte\u201d.\u00a0Soscia pone in mostra la sua opera pittorica. Quadri composti tra il 1961 e i giorni d\u2019oggi, segnati da un intenso orizzonte creativo nel quale, scrive il critico Carlo Fabrizio Carli, \u201cconvivono mito e contemporaneit\u00e0, sogno e concretezza, eros e alienazione\u201d.<\/p>\n<p>\u201cLe opere di Soscia &#8211; scrive Paolo Manfredini &#8211; richiedono una lettura particolare e del tutto originale di miti, metafore, realt\u00e0 e surrealt\u00e0, misteri riferiti alla vita ai pensieri, ai sentimenti di una umanit\u00e0 ora tragi-comica, ora ludica, ora grottesca, ora imperscrutabilmente oppressa da tecnocrazie telematiche e mercati globali. Immagini bizzarre, stratagemmi illusionistici, metafore di paesaggi interiori, incontri insoliti ma lampanti, espedienti arguti di automatismi concettuali, colti sovente nel loro parossismo simbolico, ma sempre ricolmi di joie de vivre\u201d.<\/p>\n<p style=\"text-align: justify;\">Curata e allestita dall\u2019architetto Raffaele Fabrizio, la mostra sar\u00e0 inaugurata mercoled\u00ec 20 agosto alle ore 19 all\u2019interno della prestigiosa cornice della Torre di Mola. Il relatore della serata sar\u00e0 lo scrittore Pasquale Maffeo.<br \/>\nLa mostra \u00e8 visitabile ogni giorno dalle 19 alle 21 fino al 14 settembre. L\u2019ingresso \u00e8 libero.<\/p>\n","protected":false},"excerpt":{"rendered":"<p>FORMIA \u2013 \u00a0L\u2019arte di Normanno Soscia anima l\u2019importante mostra antologica in programma alla torre di Mola a partire da mercoled\u00ec 20 agosto. L\u2019iniziativa \u00e8 promossa dall\u2019Assessorato alla Cultura del Comune di Formia nell\u2019ambito della rassegna \u201cI luoghi dell\u2019arte\u201d.\u00a0Soscia pone in mostra la sua opera pittorica. Quadri composti tra il 1961 e i giorni d\u2019oggi, segnati [&hellip;]<\/p>\n","protected":false},"author":60,"featured_media":154066,"comment_status":"open","ping_status":"closed","sticky":false,"template":"","format":"standard","meta":{"footnotes":""},"categories":[16,15],"tags":[],"class_list":["post-154064","post","type-post","status-publish","format-standard","has-post-thumbnail","hentry","category-appuntamenti","category-cultura"],"_links":{"self":[{"href":"https:\/\/www.radioluna.it\/news\/wp-json\/wp\/v2\/posts\/154064","targetHints":{"allow":["GET"]}}],"collection":[{"href":"https:\/\/www.radioluna.it\/news\/wp-json\/wp\/v2\/posts"}],"about":[{"href":"https:\/\/www.radioluna.it\/news\/wp-json\/wp\/v2\/types\/post"}],"author":[{"embeddable":true,"href":"https:\/\/www.radioluna.it\/news\/wp-json\/wp\/v2\/users\/60"}],"replies":[{"embeddable":true,"href":"https:\/\/www.radioluna.it\/news\/wp-json\/wp\/v2\/comments?post=154064"}],"version-history":[{"count":0,"href":"https:\/\/www.radioluna.it\/news\/wp-json\/wp\/v2\/posts\/154064\/revisions"}],"wp:featuredmedia":[{"embeddable":true,"href":"https:\/\/www.radioluna.it\/news\/wp-json\/wp\/v2\/media\/154066"}],"wp:attachment":[{"href":"https:\/\/www.radioluna.it\/news\/wp-json\/wp\/v2\/media?parent=154064"}],"wp:term":[{"taxonomy":"category","embeddable":true,"href":"https:\/\/www.radioluna.it\/news\/wp-json\/wp\/v2\/categories?post=154064"},{"taxonomy":"post_tag","embeddable":true,"href":"https:\/\/www.radioluna.it\/news\/wp-json\/wp\/v2\/tags?post=154064"}],"curies":[{"name":"wp","href":"https:\/\/api.w.org\/{rel}","templated":true}]}}