{"id":154140,"date":"2014-08-19T08:37:30","date_gmt":"2014-08-19T06:37:30","guid":{"rendered":"http:\/\/www.radioluna.it\/news\/?p=154140"},"modified":"2014-08-19T08:43:58","modified_gmt":"2014-08-19T06:43:58","slug":"scoprire-sabaudia-attraverso-gli-odonimi-appuntamento-il-20","status":"publish","type":"post","link":"https:\/\/www.radioluna.it\/news\/2014\/08\/scoprire-sabaudia-attraverso-gli-odonimi-appuntamento-il-20\/","title":{"rendered":"Scoprire Sabaudia attraverso gli odonimi. Appuntamento il 20"},"content":{"rendered":"<div id=\"fb-root\"><\/div>\n<p style=\"text-align: justify;\"><strong><img loading=\"lazy\" decoding=\"async\" class=\"alignleft size-medium wp-image-154141\" src=\"http:\/\/www.radioluna.it\/news\/wp-content\/uploads\/2014\/08\/Affiche-20-agosto-211x300.jpg\" alt=\"Affiche 20 agosto\" width=\"211\" height=\"300\" \/>SABAUDIA<\/strong> &#8211; Scoprire Sabaudia attraverso i nomi imposti a vie, piazze, slarghi e viali. E&#8217; l&#8217;intento di un libro scritto da Franco Brugnola, dal titolo \u201cOdonomastica sabaudiana \u2013 Il \u201cChi \u00e8\u201d delle strade di Sabaudia\u201d, che sar\u00e0 presentato mercoled\u00ec 20 agosto (alle 19) nella corte comunale della citt\u00e0 del Parco. Interverranno l\u2019Assessore Cultura, Turismo e Spettacolo Marilena Gelardi e la giornalista Licia Pastore.<br \/>\n&#8220;Un libro edito in occasione degli ottant&#8217; anni di Sabaudia che, attraverso i nomi delle strade, narra la storia della citt\u00e0 di fondazione e di chi l\u2019ha fatta &#8211; spiega l&#8217;autore &#8211; Dagli odonimi di Casa Savoia dagli albori all\u2019Unit\u00e0 d\u2019Italia, agli antichi mestieri (macchiaroli, cavallettari, cursori, sandalari, ecc.), ai padri fondatori (con il razionalismo e gli edifici pi\u00f9 importanti) alle eroine e agli eroi, il Risorgimento, l\u2019ambiente e l\u2019ecologia ed infine i personaggi recenti che hanno illustrato il nome di Sabaudia nell\u2019arte e nello sport. Molti nomi ci riportano alla prima guerra mondiale i cui cento anni cadono proprio quest\u2019anno e ci aiutano a ripercorrerne persone e luoghi.\u00a0Una attenzione particolare \u00e8 stata posta all\u2019odonomastica al femminile che troviamo in quasi tutte le categorie&#8221;.<br \/>\nSpazio anche agli antichi toponimi, alle strade di Borghi, delle frazioni e dei centri residenziali.<br \/>\n&#8220;Il volume \u00a0&#8211; garantisce Brugnola &#8211; ha comportato in molti casi ricerche complicate per ricostruire una storia, troppo spesso ignorata, in molti casi anche da chi \u00e8 nato qui&#8221;.<\/p>\n<div class=\"radio-posizionamento-telefono-in-articoli-dopo-il-contenuto-articolo radio-entity-placement\" id=\"radio-522491326\"><div id=\"radio-2363440873\"><a href=\"https:\/\/grupporedi.it\/\" aria-label=\"Redi-Qr\"><img loading=\"lazy\" decoding=\"async\" src=\"https:\/\/www.radioluna.it\/news\/wp-content\/uploads\/2026\/03\/Redi-Qr.jpg\" alt=\"\"  srcset=\"https:\/\/www.radioluna.it\/news\/wp-content\/uploads\/2026\/03\/Redi-Qr.jpg 800w, https:\/\/www.radioluna.it\/news\/wp-content\/uploads\/2026\/03\/Redi-Qr-768x639.jpg 768w\" sizes=\"(max-width: 800px) 100vw, 800px\" width=\"300\" height=\"250\"   \/><\/a><\/div><\/div>","protected":false},"excerpt":{"rendered":"<p>SABAUDIA &#8211; Scoprire Sabaudia attraverso i nomi imposti a vie, piazze, slarghi e viali. E&#8217; l&#8217;intento di un libro scritto da Franco Brugnola, dal titolo \u201cOdonomastica sabaudiana \u2013 Il \u201cChi \u00e8\u201d delle strade di Sabaudia\u201d, che sar\u00e0 presentato mercoled\u00ec 20 agosto (alle 19) nella corte comunale della citt\u00e0 del Parco. Interverranno l\u2019Assessore Cultura, Turismo e [&hellip;]<\/p>\n","protected":false},"author":62,"featured_media":154141,"comment_status":"open","ping_status":"closed","sticky":false,"template":"","format":"standard","meta":{"footnotes":""},"categories":[16],"tags":[],"class_list":["post-154140","post","type-post","status-publish","format-standard","has-post-thumbnail","hentry","category-appuntamenti"],"_links":{"self":[{"href":"https:\/\/www.radioluna.it\/news\/wp-json\/wp\/v2\/posts\/154140","targetHints":{"allow":["GET"]}}],"collection":[{"href":"https:\/\/www.radioluna.it\/news\/wp-json\/wp\/v2\/posts"}],"about":[{"href":"https:\/\/www.radioluna.it\/news\/wp-json\/wp\/v2\/types\/post"}],"author":[{"embeddable":true,"href":"https:\/\/www.radioluna.it\/news\/wp-json\/wp\/v2\/users\/62"}],"replies":[{"embeddable":true,"href":"https:\/\/www.radioluna.it\/news\/wp-json\/wp\/v2\/comments?post=154140"}],"version-history":[{"count":0,"href":"https:\/\/www.radioluna.it\/news\/wp-json\/wp\/v2\/posts\/154140\/revisions"}],"wp:featuredmedia":[{"embeddable":true,"href":"https:\/\/www.radioluna.it\/news\/wp-json\/wp\/v2\/media\/154141"}],"wp:attachment":[{"href":"https:\/\/www.radioluna.it\/news\/wp-json\/wp\/v2\/media?parent=154140"}],"wp:term":[{"taxonomy":"category","embeddable":true,"href":"https:\/\/www.radioluna.it\/news\/wp-json\/wp\/v2\/categories?post=154140"},{"taxonomy":"post_tag","embeddable":true,"href":"https:\/\/www.radioluna.it\/news\/wp-json\/wp\/v2\/tags?post=154140"}],"curies":[{"name":"wp","href":"https:\/\/api.w.org\/{rel}","templated":true}]}}