{"id":154157,"date":"2014-08-19T18:44:46","date_gmt":"2014-08-19T16:44:46","guid":{"rendered":"http:\/\/www.radioluna.it\/news\/?p=154157"},"modified":"2014-08-19T18:44:46","modified_gmt":"2014-08-19T16:44:46","slug":"terme-di-fogliano-per-de-amicis-necessaria-la-dismissione","status":"publish","type":"post","link":"https:\/\/www.radioluna.it\/news\/2014\/08\/terme-di-fogliano-per-de-amicis-necessaria-la-dismissione\/","title":{"rendered":"Terme di Fogliano, per De Amicis necessaria la dismissione"},"content":{"rendered":"<div id=\"fb-root\"><\/div>\n<p style=\"text-align: justify;\"><img loading=\"lazy\" decoding=\"async\" class=\"alignleft wp-image-134540 size-thumbnail\" src=\"http:\/\/www.radioluna.it\/news\/wp-content\/uploads\/2013\/04\/comune-latina-con-palla-150x150.jpg\" alt=\"comune latina con palla\" width=\"150\" height=\"150\" srcset=\"https:\/\/www.radioluna.it\/news\/wp-content\/uploads\/2013\/04\/comune-latina-con-palla-150x150.jpg 150w, https:\/\/www.radioluna.it\/news\/wp-content\/uploads\/2013\/04\/comune-latina-con-palla-300x300.jpg 300w, https:\/\/www.radioluna.it\/news\/wp-content\/uploads\/2013\/04\/comune-latina-con-palla-80x80.jpg 80w, https:\/\/www.radioluna.it\/news\/wp-content\/uploads\/2013\/04\/comune-latina-con-palla-50x50.jpg 50w\" sizes=\"auto, (max-width: 150px) 100vw, 150px\" \/>LATINA &#8211; &#8220;Non c&#8217;\u00e8 pi\u00f9 tempo per approfondire alcun aspetto di una societ\u00e0&#8217; partecipata, quella delle Terme di Fogliano, divorata da debiti per circa 8 milioni di euro, con un patrimonio immobiliare pignorato a rischio fallimento.\u00a0E non si continui a pensare ad una acquisizione al patrimonio del Comune di Latina, operazione vietata da tutte le disposizioni legislative in merito. L&#8217;unica strada che rimane per questa societ\u00e0 partecipata, al collasso come quella dell&#8217;Intermodale, \u00e8 il ricorso alla dismissione previo bando ad evidenza pubblica entro il 31 dicembre 2014. Sempre che non fallisca, sempre che il Comune non perda qualunque diritto sull&#8217;area e sempre che il sindaco con gli uffici preposti non perdano tempo a preparare il bando per la vendita della societ\u00e0&#8221;&#8216;.\u00a0Parole dure quelle del consigliere comunale Enzo De Amicis in seguito alla risposta del sindaco all&#8217;interrogazione\u00a0dello scorso 22 maggio. De Amicis aveva chiesto lumi circa il lavoro svolto dal Prof. Quattrociocchi, che era stato incaricato il 22 novembre del 2013 di fare una analisi ed una valutazione della Societ\u00e0&#8217; Terme di Fogliano. &#8220;Speravo di avere a disposizione le risultanze &#8211; continua il consigliere comunale &#8211; e l&#8217;elaborato del Prof. Quattrociocchi depositato dallo stesso il 21 febbraio scorso ma ho ricevuto solo una nota con la quale lo stesso sindaco si \u00e8 riservato di sottoporre le conclusioni della valutazione sulle Terme ai lavori delle Commissioni Consiliari competenti, ritenendo che lo studio debba essere ancora profondamente analizzato&#8221;.<\/p>\n","protected":false},"excerpt":{"rendered":"<p>LATINA &#8211; &#8220;Non c&#8217;\u00e8 pi\u00f9 tempo per approfondire alcun aspetto di una societ\u00e0&#8217; partecipata, quella delle Terme di Fogliano, divorata da debiti per circa 8 milioni di euro, con un patrimonio immobiliare pignorato a rischio fallimento.\u00a0E non si continui a pensare ad una acquisizione al patrimonio del Comune di Latina, operazione vietata da tutte le [&hellip;]<\/p>\n","protected":false},"author":60,"featured_media":134540,"comment_status":"open","ping_status":"closed","sticky":false,"template":"","format":"standard","meta":{"footnotes":""},"categories":[8],"tags":[],"class_list":["post-154157","post","type-post","status-publish","format-standard","has-post-thumbnail","hentry","category-politica"],"_links":{"self":[{"href":"https:\/\/www.radioluna.it\/news\/wp-json\/wp\/v2\/posts\/154157","targetHints":{"allow":["GET"]}}],"collection":[{"href":"https:\/\/www.radioluna.it\/news\/wp-json\/wp\/v2\/posts"}],"about":[{"href":"https:\/\/www.radioluna.it\/news\/wp-json\/wp\/v2\/types\/post"}],"author":[{"embeddable":true,"href":"https:\/\/www.radioluna.it\/news\/wp-json\/wp\/v2\/users\/60"}],"replies":[{"embeddable":true,"href":"https:\/\/www.radioluna.it\/news\/wp-json\/wp\/v2\/comments?post=154157"}],"version-history":[{"count":0,"href":"https:\/\/www.radioluna.it\/news\/wp-json\/wp\/v2\/posts\/154157\/revisions"}],"wp:featuredmedia":[{"embeddable":true,"href":"https:\/\/www.radioluna.it\/news\/wp-json\/wp\/v2\/media\/134540"}],"wp:attachment":[{"href":"https:\/\/www.radioluna.it\/news\/wp-json\/wp\/v2\/media?parent=154157"}],"wp:term":[{"taxonomy":"category","embeddable":true,"href":"https:\/\/www.radioluna.it\/news\/wp-json\/wp\/v2\/categories?post=154157"},{"taxonomy":"post_tag","embeddable":true,"href":"https:\/\/www.radioluna.it\/news\/wp-json\/wp\/v2\/tags?post=154157"}],"curies":[{"name":"wp","href":"https:\/\/api.w.org\/{rel}","templated":true}]}}