{"id":154159,"date":"2014-08-19T19:21:54","date_gmt":"2014-08-19T17:21:54","guid":{"rendered":"http:\/\/www.radioluna.it\/news\/?p=154159"},"modified":"2014-08-19T19:21:54","modified_gmt":"2014-08-19T17:21:54","slug":"sotto-ponzio-pilato-il-grande-teatro-sullisola-lunata","status":"publish","type":"post","link":"https:\/\/www.radioluna.it\/news\/2014\/08\/sotto-ponzio-pilato-il-grande-teatro-sullisola-lunata\/","title":{"rendered":"&#8220;Sotto Ponzio Pilato&#8221; il grande teatro sull&#8217;isola lunata"},"content":{"rendered":"<div id=\"fb-root\"><\/div>\n<p style=\"text-align: justify;\"><img loading=\"lazy\" decoding=\"async\" class=\"aligncenter size-thumbnail wp-image-154160\" src=\"http:\/\/www.radioluna.it\/news\/wp-content\/uploads\/2014\/08\/PONZA-PONZIO-PILATO-635x423.jpg\" alt=\"PONZA PONZIO PILATO\" width=\"635\" height=\"423\" srcset=\"https:\/\/www.radioluna.it\/news\/wp-content\/uploads\/2014\/08\/PONZA-PONZIO-PILATO-635x423.jpg 635w, https:\/\/www.radioluna.it\/news\/wp-content\/uploads\/2014\/08\/PONZA-PONZIO-PILATO-768x512.jpg 768w, https:\/\/www.radioluna.it\/news\/wp-content\/uploads\/2014\/08\/PONZA-PONZIO-PILATO-500x333.jpg 500w, https:\/\/www.radioluna.it\/news\/wp-content\/uploads\/2014\/08\/PONZA-PONZIO-PILATO-600x400.jpg 600w, https:\/\/www.radioluna.it\/news\/wp-content\/uploads\/2014\/08\/PONZA-PONZIO-PILATO-300x200.jpg 300w, https:\/\/www.radioluna.it\/news\/wp-content\/uploads\/2014\/08\/PONZA-PONZIO-PILATO-800x533.jpg 800w, https:\/\/www.radioluna.it\/news\/wp-content\/uploads\/2014\/08\/PONZA-PONZIO-PILATO.jpg 960w\" sizes=\"auto, (max-width: 635px) 100vw, 635px\" \/><\/p>\n<p style=\"text-align: justify;\">PONZA &#8211; Il grande teatro torna sull\u2019isola lunata, ancora una volta ripercorrendo le tappe della storia antica di Ponza, lungo il confine tra realt\u00e0 e mitologia. La rassegna culturale Ponza Estate, promossa dal Comune di Ponza e diretta da Ferdinando Femiano e Francesco Maria Cordella, porta in scena quest\u2019anno, grazie all\u2019associazione culturale Acts, la pi\u00e8ce Sotto Ponzio Pilato, scritta e diretta da Francesco Sala e interpretata da Francesco Maria Cordella e Carmen Di Marzo, in prima nazionale a Ponza il 23 agosto alle 22 sul Palco Caletta e in replica a Le Forna luned\u00ec 25 agosto.<\/p>\n<p style=\"text-align: justify;\">Il progetto Sotto Ponzio Pilato segue idealmente l\u2019opera gi\u00e0 iniziata lo scorso anno con la Trilogia della trasformazione, un ciclo di tre spettacoli prodotti da Acts e ideati da Francesco Maria Cordella: Eea, Telegono e Confinati a Ponza, che hanno rispettivamente raccontato il mito di Circe e Ulisse, quello del loro figlio Telegono, e infine l\u2019epoca del confino politico attraverso la rappresentazione dell\u2019amicizia perduta tra Benito Mussolini e Pietro Nenni durante il periodo del loro soggiorno forzato sull\u2019isola. Se nella passata edizione l\u2019obiettivo della trilogia teatrale era indagare quel mistero insondabile che rende Ponza capace di influire sulla volont\u00e0 degli uomini e sulle loro coscienze, questa volta protagonista sar\u00e0 il potere, in particolare il conflitto che da sempre accompagna la storia dei popoli: quello tra potere politico e potere religioso.<\/p>\n<p style=\"text-align: justify;\">\nPonzio Pilato \u00e8 ancora oggi un simbolo della storia dell\u2019isola. Lo stesso nome ne \u00e8 una testimonianza, insieme alle famose grotte vicine al porto, a lui intitolate e ancora oggi visitabili, e agli antichi murenari sacri.<br \/>\nSappiamo che Ponzio Pilato sbarc\u00f2 a Ponza, prima della carica assegnatagli dall\u2019imperatore Tiberio e che vi torn\u00f2 anche in seguito. Non si conosce il suo luogo di nascita n\u00e9 quello di morte, ma intorno alla sua figura c\u2019\u00e8 un alone di mistero e leggenda restituito dal testo teatrale di Francesco Sala. Pilato, descritto come un amministratore di polso, antisemita, astuto, caparbio e duro, in piena guerra con i capi ebrei, comprende tuttavia che Ges\u00f9 non \u00e8 un criminale e mentre ordina di flagellarlo si abbandona ai dubbi, alimentati anche dalla moglie Claudia Procula. Cos\u00ec il travaglio vissuto da Pilato in Galilea per la crocifissione di Ges\u00f9 si traduce in un senso di colpa inconsolabile che soltanto il ritorno a Ponza riesce a mitigare.<\/p>\n<div class=\"radio-posizionamento-telefono-in-articoli-dopo-il-contenuto-articolo radio-entity-placement\" id=\"radio-1359369369\"><div id=\"radio-4249088241\" style=\"width: 300px;height: 250px;\"><a href=\"https:\/\/www.icarspa.it\/auto\/usate\/latina\/\" aria-label=\"banner aprile icar new life &#8211; auto usate latina\"><img loading=\"lazy\" decoding=\"async\" src=\"https:\/\/www.radioluna.it\/news\/wp-content\/uploads\/2026\/02\/banner-aprile-icar-new-life-auto-usate-latina.gif\" alt=\"\"  width=\"300\" height=\"250\"   \/><\/a><\/div><\/div>","protected":false},"excerpt":{"rendered":"<p>PONZA &#8211; Il grande teatro torna sull\u2019isola lunata, ancora una volta ripercorrendo le tappe della storia antica di Ponza, lungo il confine tra realt\u00e0 e mitologia. La rassegna culturale Ponza Estate, promossa dal Comune di Ponza e diretta da Ferdinando Femiano e Francesco Maria Cordella, porta in scena quest\u2019anno, grazie all\u2019associazione culturale Acts, la pi\u00e8ce [&hellip;]<\/p>\n","protected":false},"author":60,"featured_media":154160,"comment_status":"open","ping_status":"closed","sticky":false,"template":"","format":"standard","meta":{"footnotes":""},"categories":[16,15],"tags":[],"class_list":["post-154159","post","type-post","status-publish","format-standard","has-post-thumbnail","hentry","category-appuntamenti","category-cultura"],"_links":{"self":[{"href":"https:\/\/www.radioluna.it\/news\/wp-json\/wp\/v2\/posts\/154159","targetHints":{"allow":["GET"]}}],"collection":[{"href":"https:\/\/www.radioluna.it\/news\/wp-json\/wp\/v2\/posts"}],"about":[{"href":"https:\/\/www.radioluna.it\/news\/wp-json\/wp\/v2\/types\/post"}],"author":[{"embeddable":true,"href":"https:\/\/www.radioluna.it\/news\/wp-json\/wp\/v2\/users\/60"}],"replies":[{"embeddable":true,"href":"https:\/\/www.radioluna.it\/news\/wp-json\/wp\/v2\/comments?post=154159"}],"version-history":[{"count":0,"href":"https:\/\/www.radioluna.it\/news\/wp-json\/wp\/v2\/posts\/154159\/revisions"}],"wp:featuredmedia":[{"embeddable":true,"href":"https:\/\/www.radioluna.it\/news\/wp-json\/wp\/v2\/media\/154160"}],"wp:attachment":[{"href":"https:\/\/www.radioluna.it\/news\/wp-json\/wp\/v2\/media?parent=154159"}],"wp:term":[{"taxonomy":"category","embeddable":true,"href":"https:\/\/www.radioluna.it\/news\/wp-json\/wp\/v2\/categories?post=154159"},{"taxonomy":"post_tag","embeddable":true,"href":"https:\/\/www.radioluna.it\/news\/wp-json\/wp\/v2\/tags?post=154159"}],"curies":[{"name":"wp","href":"https:\/\/api.w.org\/{rel}","templated":true}]}}