{"id":154161,"date":"2014-08-19T19:32:43","date_gmt":"2014-08-19T17:32:43","guid":{"rendered":"http:\/\/www.radioluna.it\/news\/?p=154161"},"modified":"2014-08-19T19:32:43","modified_gmt":"2014-08-19T17:32:43","slug":"a-norma-e-bassiano-il-norbensis-festival-folklore-e-cibo-etnico","status":"publish","type":"post","link":"https:\/\/www.radioluna.it\/news\/2014\/08\/a-norma-e-bassiano-il-norbensis-festival-folklore-e-cibo-etnico\/","title":{"rendered":"A Norma e Bassiano il Norbensis Festival, folklore e cibo etnico"},"content":{"rendered":"<div id=\"fb-root\"><\/div>\n<p style=\"text-align: justify;\"><img loading=\"lazy\" decoding=\"async\" class=\"aligncenter size-full wp-image-154162\" src=\"http:\/\/www.radioluna.it\/news\/wp-content\/uploads\/2014\/08\/LOCANDINA-BassWEB2014.gif\" alt=\"LOCANDINA-BassWEB2014\" width=\"501\" height=\"715\" \/>BASSIANO &#8211; Sar\u00e0 Bassiano ad ospitare la Ventesima edizione del Norbensis Festival &#8211; \u00a0il folklore per la pace dei popoli, evento organizzato dall\u2019Associazione Culturale Norbensis, mantenendo due serate in anteprima il 19 e 20 agosto a Norma, luogo nativo del festival, per proseguire dal 22 al 26 Agosto 2014 appunto nella caratteristica cittadina medievale di Bassiano.<\/p>\n<p style=\"text-align: justify;\">Circa 250 artisti sul palcoscenico del festival rappresenteranno attraverso la danza, la musica, gli usi e i costumi, le tradizioni e le culture delle proprie nazioni e dei propri continenti.\u00a0La kermesse \u00e8 prevista per le ore 21, con l\u2019anteprima dei gruppi folklorici a Norma Largo Caio Cestio, poi si sposter\u00e0 a Bassiano da Venerdi 22 Agosto in piazza Matteotti, con la sfilata internazionale della pace lungo le mura medievali e tra i vicoli del centro storico, seguir\u00e0 una cerimonia di apertura\u00a0con\u00a0le performance artistiche delle rappresentanze di Messico, Romania, Kenya, Bosnia, Sud Corea e Georgia.<\/p>\n<p style=\"text-align: justify;\">\u00a0Domenica 24 \u00a0lungo le mura Medievali Bassianesi alle \u00a018.30 i gruppi si sfideranno a suon di piatti tipici dei propri Paesi, nel 3\u00b0INTERNATIONAL ETHNIC FOOD FESTIVAL, Premio VICT \u2013 Valore Identificato Culturale Tradizionale indetto dallo IOV Italia.\u00a0Durante il concorso sar\u00e0 possibile degustare le prelibatezze in gara, le quali verranno selezionate da una giuria di esperti e professionalit\u00e0 del mondo della gastronomia, il tutto tra mercatini artigianali e punti di ristoro, animazioni e curiosit\u00e0.\u00a0A seguire alle ore 21 il 6\u00b0 ETHNIC FOLK MUSIC FESTIVAL, incontri con la musica popolare con l\u2019espressione dalle diverse sfumature dell\u2019Orchestra Malancia, del duo Canusia, degli ormai veterani al festival Parquaria e le contaminazioni musicali dei Zirizzaccoli.<\/p>\n<p style=\"text-align: justify;\">\n<div class=\"radio-posizionamento-telefono-in-articoli-dopo-il-contenuto-articolo radio-entity-placement\" id=\"radio-2254371121\"><div id=\"radio-828166067\"><a href=\"https:\/\/grupporedi.it\/\" aria-label=\"Redi-Qr\"><img loading=\"lazy\" decoding=\"async\" src=\"https:\/\/www.radioluna.it\/news\/wp-content\/uploads\/2026\/03\/Redi-Qr.jpg\" alt=\"\"  srcset=\"https:\/\/www.radioluna.it\/news\/wp-content\/uploads\/2026\/03\/Redi-Qr.jpg 800w, https:\/\/www.radioluna.it\/news\/wp-content\/uploads\/2026\/03\/Redi-Qr-768x639.jpg 768w\" sizes=\"(max-width: 800px) 100vw, 800px\" width=\"300\" height=\"250\"   \/><\/a><\/div><\/div>","protected":false},"excerpt":{"rendered":"<p>BASSIANO &#8211; Sar\u00e0 Bassiano ad ospitare la Ventesima edizione del Norbensis Festival &#8211; \u00a0il folklore per la pace dei popoli, evento organizzato dall\u2019Associazione Culturale Norbensis, mantenendo due serate in anteprima il 19 e 20 agosto a Norma, luogo nativo del festival, per proseguire dal 22 al 26 Agosto 2014 appunto nella caratteristica cittadina medievale di [&hellip;]<\/p>\n","protected":false},"author":60,"featured_media":154162,"comment_status":"open","ping_status":"closed","sticky":false,"template":"","format":"standard","meta":{"footnotes":""},"categories":[16,15],"tags":[],"class_list":["post-154161","post","type-post","status-publish","format-standard","has-post-thumbnail","hentry","category-appuntamenti","category-cultura"],"_links":{"self":[{"href":"https:\/\/www.radioluna.it\/news\/wp-json\/wp\/v2\/posts\/154161","targetHints":{"allow":["GET"]}}],"collection":[{"href":"https:\/\/www.radioluna.it\/news\/wp-json\/wp\/v2\/posts"}],"about":[{"href":"https:\/\/www.radioluna.it\/news\/wp-json\/wp\/v2\/types\/post"}],"author":[{"embeddable":true,"href":"https:\/\/www.radioluna.it\/news\/wp-json\/wp\/v2\/users\/60"}],"replies":[{"embeddable":true,"href":"https:\/\/www.radioluna.it\/news\/wp-json\/wp\/v2\/comments?post=154161"}],"version-history":[{"count":0,"href":"https:\/\/www.radioluna.it\/news\/wp-json\/wp\/v2\/posts\/154161\/revisions"}],"wp:featuredmedia":[{"embeddable":true,"href":"https:\/\/www.radioluna.it\/news\/wp-json\/wp\/v2\/media\/154162"}],"wp:attachment":[{"href":"https:\/\/www.radioluna.it\/news\/wp-json\/wp\/v2\/media?parent=154161"}],"wp:term":[{"taxonomy":"category","embeddable":true,"href":"https:\/\/www.radioluna.it\/news\/wp-json\/wp\/v2\/categories?post=154161"},{"taxonomy":"post_tag","embeddable":true,"href":"https:\/\/www.radioluna.it\/news\/wp-json\/wp\/v2\/tags?post=154161"}],"curies":[{"name":"wp","href":"https:\/\/api.w.org\/{rel}","templated":true}]}}