{"id":154169,"date":"2014-08-19T20:03:48","date_gmt":"2014-08-19T18:03:48","guid":{"rendered":"http:\/\/www.radioluna.it\/news\/?p=154169"},"modified":"2014-08-19T20:03:48","modified_gmt":"2014-08-19T18:03:48","slug":"calcio-serie-b-anche-il-pisa-ci-spera","status":"publish","type":"post","link":"https:\/\/www.radioluna.it\/news\/2014\/08\/calcio-serie-b-anche-il-pisa-ci-spera\/","title":{"rendered":"Calcio Serie B, anche il Pisa ci spera"},"content":{"rendered":"<div id=\"fb-root\"><\/div>\n<p style=\"text-align: justify;\"><img loading=\"lazy\" decoding=\"async\" class=\"aligncenter size-thumbnail wp-image-150877\" src=\"http:\/\/www.radioluna.it\/news\/wp-content\/uploads\/2014\/05\/PICT0556-635x476.jpg\" alt=\"calcio\" width=\"635\" height=\"476\" srcset=\"https:\/\/www.radioluna.it\/news\/wp-content\/uploads\/2014\/05\/PICT0556-635x476.jpg 635w, https:\/\/www.radioluna.it\/news\/wp-content\/uploads\/2014\/05\/PICT0556-768x576.jpg 768w, https:\/\/www.radioluna.it\/news\/wp-content\/uploads\/2014\/05\/PICT0556-500x375.jpg 500w, https:\/\/www.radioluna.it\/news\/wp-content\/uploads\/2014\/05\/PICT0556-300x225.jpg 300w, https:\/\/www.radioluna.it\/news\/wp-content\/uploads\/2014\/05\/PICT0556-1024x768.jpg 1024w, https:\/\/www.radioluna.it\/news\/wp-content\/uploads\/2014\/05\/PICT0556-800x600.jpg 800w, https:\/\/www.radioluna.it\/news\/wp-content\/uploads\/2014\/05\/PICT0556.jpg 1000w\" sizes=\"auto, (max-width: 635px) 100vw, 635px\" \/>LATINA &#8211; Domenica prossima il Latina di Beretta sar\u00e0 al Rigamonti di Brescia per il terzo turno della Coppa Italia chi vincer\u00e0 incontrer\u00e0 la vincente tra Sampdoria e Como, intanto prima della sfida contro le rondinelle, i nerazzurri saranno impegnati in una amichevole contro l&#8217;Aprilia. A\u00a0tenere banco in queste ore invece, \u00e8 il caso Novara, gli azzurri non saranno ripescati in serie B e a sperare oltre alla Juve Stabia retrocessa nella scorsa stagione, c&#8217;\u00e8 anche il Pisa che per due anni consecutivi ha perso i play off per approdare in serie B. La scelta della squadra che prender\u00e0 il posto del Siena, dichiarato fallito, interessa il Latina che ancora non conosce l&#8217;avversario della prima giornata di campionato, il posto infatti lasciato dal club toscano \u00e8 ancora vacante.<\/p>\n","protected":false},"excerpt":{"rendered":"<p>LATINA &#8211; Domenica prossima il Latina di Beretta sar\u00e0 al Rigamonti di Brescia per il terzo turno della Coppa Italia chi vincer\u00e0 incontrer\u00e0 la vincente tra Sampdoria e Como, intanto prima della sfida contro le rondinelle, i nerazzurri saranno impegnati in una amichevole contro l&#8217;Aprilia. A\u00a0tenere banco in queste ore invece, \u00e8 il caso Novara, [&hellip;]<\/p>\n","protected":false},"author":60,"featured_media":150877,"comment_status":"open","ping_status":"closed","sticky":false,"template":"","format":"standard","meta":{"footnotes":""},"categories":[17],"tags":[],"class_list":["post-154169","post","type-post","status-publish","format-standard","has-post-thumbnail","hentry","category-sport"],"_links":{"self":[{"href":"https:\/\/www.radioluna.it\/news\/wp-json\/wp\/v2\/posts\/154169","targetHints":{"allow":["GET"]}}],"collection":[{"href":"https:\/\/www.radioluna.it\/news\/wp-json\/wp\/v2\/posts"}],"about":[{"href":"https:\/\/www.radioluna.it\/news\/wp-json\/wp\/v2\/types\/post"}],"author":[{"embeddable":true,"href":"https:\/\/www.radioluna.it\/news\/wp-json\/wp\/v2\/users\/60"}],"replies":[{"embeddable":true,"href":"https:\/\/www.radioluna.it\/news\/wp-json\/wp\/v2\/comments?post=154169"}],"version-history":[{"count":0,"href":"https:\/\/www.radioluna.it\/news\/wp-json\/wp\/v2\/posts\/154169\/revisions"}],"wp:featuredmedia":[{"embeddable":true,"href":"https:\/\/www.radioluna.it\/news\/wp-json\/wp\/v2\/media\/150877"}],"wp:attachment":[{"href":"https:\/\/www.radioluna.it\/news\/wp-json\/wp\/v2\/media?parent=154169"}],"wp:term":[{"taxonomy":"category","embeddable":true,"href":"https:\/\/www.radioluna.it\/news\/wp-json\/wp\/v2\/categories?post=154169"},{"taxonomy":"post_tag","embeddable":true,"href":"https:\/\/www.radioluna.it\/news\/wp-json\/wp\/v2\/tags?post=154169"}],"curies":[{"name":"wp","href":"https:\/\/api.w.org\/{rel}","templated":true}]}}