{"id":154177,"date":"2014-08-20T10:42:38","date_gmt":"2014-08-20T08:42:38","guid":{"rendered":"http:\/\/www.radioluna.it\/news\/?p=154177"},"modified":"2014-08-20T10:42:38","modified_gmt":"2014-08-20T08:42:38","slug":"dagli-usa-a-latina-arriva-kyle-austin-il-cestista-giochera-nella-benacquista","status":"publish","type":"post","link":"https:\/\/www.radioluna.it\/news\/2014\/08\/dagli-usa-a-latina-arriva-kyle-austin-il-cestista-giochera-nella-benacquista\/","title":{"rendered":"Dagli Usa a Latina, arriva Kyle Austin<br> Il cestista giocher\u00e0 nella Benacquista"},"content":{"rendered":"<div id=\"fb-root\"><\/div>\n<div id=\"attachment_154178\" style=\"width: 645px\" class=\"wp-caption aligncenter\"><img loading=\"lazy\" decoding=\"async\" aria-describedby=\"caption-attachment-154178\" class=\"wp-image-154178 size-thumbnail\" src=\"http:\/\/www.radioluna.it\/news\/wp-content\/uploads\/2014\/08\/kyle-635x846.jpg\" alt=\"Kyle Austin in aeroporto\" width=\"635\" height=\"846\" srcset=\"https:\/\/www.radioluna.it\/news\/wp-content\/uploads\/2014\/08\/kyle-635x846.jpg 635w, https:\/\/www.radioluna.it\/news\/wp-content\/uploads\/2014\/08\/kyle-500x667.jpg 500w, https:\/\/www.radioluna.it\/news\/wp-content\/uploads\/2014\/08\/kyle-225x300.jpg 225w, https:\/\/www.radioluna.it\/news\/wp-content\/uploads\/2014\/08\/kyle.jpg 720w\" sizes=\"auto, (max-width: 635px) 100vw, 635px\" \/><p id=\"caption-attachment-154178\" class=\"wp-caption-text\">Kyle Austin in aeroporto<\/p><\/div>\n<p style=\"text-align: justify;\"><strong>LATINA<\/strong> &#8211; Il giocatore californiano Kyle Austin, classe 1988, neo acquisto della Benacquista Latina, arriver\u00e0 oggi a Latina per unirsi al gruppo che ha cominciato \u00a0la preparazione atletica. Nella foto pubblicata \u00a0dalla societ\u00e0 il cestista con le valige fuori dall&#8217;aeroporto.<\/p>\n<p style=\"color: #555555; text-align: justify;\">\u00a0Kyle, che \u00e8 un\u2019ala-grande di 203 cm proveniente dalla Bawer Matera con cui ha disputato la sua prima stagione in Italia: \u00abLa ragione principale che mi ha spinto a scegliere Latina \u00e8 basata sui giocatori che sono gi\u00e0 stati ingaggiati. Sono certo che noi, giocando tutti insieme, saremo una delle squadre pi\u00f9 forti della categoria. Lo scorso anno il mio obiettivo a Matera era quello di vincere il campionato, non \u00e8 stato cosi, quindi voglio farlo in questa stagione.\u00bb<\/p>\n","protected":false},"excerpt":{"rendered":"<p>LATINA &#8211; Il giocatore californiano Kyle Austin, classe 1988, neo acquisto della Benacquista Latina, arriver\u00e0 oggi a Latina per unirsi al gruppo che ha cominciato \u00a0la preparazione atletica. Nella foto pubblicata \u00a0dalla societ\u00e0 il cestista con le valige fuori dall&#8217;aeroporto. \u00a0Kyle, che \u00e8 un\u2019ala-grande di 203 cm proveniente dalla Bawer Matera con cui ha disputato [&hellip;]<\/p>\n","protected":false},"author":62,"featured_media":154178,"comment_status":"open","ping_status":"closed","sticky":false,"template":"","format":"standard","meta":{"footnotes":""},"categories":[17],"tags":[],"class_list":["post-154177","post","type-post","status-publish","format-standard","has-post-thumbnail","hentry","category-sport"],"_links":{"self":[{"href":"https:\/\/www.radioluna.it\/news\/wp-json\/wp\/v2\/posts\/154177","targetHints":{"allow":["GET"]}}],"collection":[{"href":"https:\/\/www.radioluna.it\/news\/wp-json\/wp\/v2\/posts"}],"about":[{"href":"https:\/\/www.radioluna.it\/news\/wp-json\/wp\/v2\/types\/post"}],"author":[{"embeddable":true,"href":"https:\/\/www.radioluna.it\/news\/wp-json\/wp\/v2\/users\/62"}],"replies":[{"embeddable":true,"href":"https:\/\/www.radioluna.it\/news\/wp-json\/wp\/v2\/comments?post=154177"}],"version-history":[{"count":0,"href":"https:\/\/www.radioluna.it\/news\/wp-json\/wp\/v2\/posts\/154177\/revisions"}],"wp:featuredmedia":[{"embeddable":true,"href":"https:\/\/www.radioluna.it\/news\/wp-json\/wp\/v2\/media\/154178"}],"wp:attachment":[{"href":"https:\/\/www.radioluna.it\/news\/wp-json\/wp\/v2\/media?parent=154177"}],"wp:term":[{"taxonomy":"category","embeddable":true,"href":"https:\/\/www.radioluna.it\/news\/wp-json\/wp\/v2\/categories?post=154177"},{"taxonomy":"post_tag","embeddable":true,"href":"https:\/\/www.radioluna.it\/news\/wp-json\/wp\/v2\/tags?post=154177"}],"curies":[{"name":"wp","href":"https:\/\/api.w.org\/{rel}","templated":true}]}}