{"id":154244,"date":"2014-08-21T18:31:17","date_gmt":"2014-08-21T16:31:17","guid":{"rendered":"http:\/\/www.radioluna.it\/news\/?p=154244"},"modified":"2014-08-21T18:31:17","modified_gmt":"2014-08-21T16:31:17","slug":"tre-attentati-in-due-giorni-serve-un-segnale-dalla-politica","status":"publish","type":"post","link":"https:\/\/www.radioluna.it\/news\/2014\/08\/tre-attentati-in-due-giorni-serve-un-segnale-dalla-politica\/","title":{"rendered":"Tre attentati in due giorni, serve un segnale dalla politica"},"content":{"rendered":"<div id=\"fb-root\"><\/div>\n<p style=\"text-align: justify;\"><img loading=\"lazy\" decoding=\"async\" class=\"alignleft wp-image-126869 size-thumbnail\" src=\"http:\/\/www.radioluna.it\/news\/wp-content\/uploads\/2012\/10\/comune-latina-con-palla-150x150.jpg\" alt=\"comune-latina-con-palla\" width=\"150\" height=\"150\" srcset=\"https:\/\/www.radioluna.it\/news\/wp-content\/uploads\/2012\/10\/comune-latina-con-palla-150x150.jpg 150w, https:\/\/www.radioluna.it\/news\/wp-content\/uploads\/2012\/10\/comune-latina-con-palla-300x300.jpg 300w, https:\/\/www.radioluna.it\/news\/wp-content\/uploads\/2012\/10\/comune-latina-con-palla-50x50.jpg 50w, https:\/\/www.radioluna.it\/news\/wp-content\/uploads\/2012\/10\/comune-latina-con-palla-80x80.jpg 80w\" sizes=\"auto, (max-width: 150px) 100vw, 150px\" \/>LATINA &#8211; \u201cUna sparatoria e due attentati nel giro di pochi giorni: vogliamo che la politica dia un segnale chiaro a favore della giustizia e contro la criminalit\u00e0 e siamo pronti a fare la nostra parte.\u00a0Stiamo vivendo dei giorni bui per la nostra citt\u00e0 e il sindaco di Latina, Giovanni Di Giorgi, non ha ancora proferito una parola ufficiale. Un ferito da arma da fuoco e altre due attivit\u00e0 commerciali colpite da degli attentati. Noi del Partito Democratico vogliamo stare accanto alla magistratura e vicino ai commercianti colpiti e denunciare, in maniera forte e decisa, questi atti intimidatori\u201d. Cos\u00ec Alessandro Cozzolino, capogruppo del Partito Democratico, \u00e8 voluto intervenire sulla delicata questione criminalit\u00e0 divampata in questi giorni a Latina.\u00a0\u201cIn questi giorni vogliamo esprimere la nostra solidariet\u00e0 nei confronti dei commercianti colpiti da questi gravissimi atti di criminalit\u00e0 \u2013 afferma Cozzolino &#8211; siamo vicini alle Forze dell\u2019Ordine che stanno lavorando in maniera intensa per capire la matrice di questi atti e vicini alla Magistratura, che dovr\u00e0 capire il perch\u00e9 e punire i responsabili\u201d.<\/p>\n<p>&nbsp;<\/p>\n","protected":false},"excerpt":{"rendered":"<p>LATINA &#8211; \u201cUna sparatoria e due attentati nel giro di pochi giorni: vogliamo che la politica dia un segnale chiaro a favore della giustizia e contro la criminalit\u00e0 e siamo pronti a fare la nostra parte.\u00a0Stiamo vivendo dei giorni bui per la nostra citt\u00e0 e il sindaco di Latina, Giovanni Di Giorgi, non ha ancora [&hellip;]<\/p>\n","protected":false},"author":60,"featured_media":126869,"comment_status":"open","ping_status":"closed","sticky":false,"template":"","format":"standard","meta":{"footnotes":""},"categories":[8],"tags":[],"class_list":["post-154244","post","type-post","status-publish","format-standard","has-post-thumbnail","hentry","category-politica"],"_links":{"self":[{"href":"https:\/\/www.radioluna.it\/news\/wp-json\/wp\/v2\/posts\/154244","targetHints":{"allow":["GET"]}}],"collection":[{"href":"https:\/\/www.radioluna.it\/news\/wp-json\/wp\/v2\/posts"}],"about":[{"href":"https:\/\/www.radioluna.it\/news\/wp-json\/wp\/v2\/types\/post"}],"author":[{"embeddable":true,"href":"https:\/\/www.radioluna.it\/news\/wp-json\/wp\/v2\/users\/60"}],"replies":[{"embeddable":true,"href":"https:\/\/www.radioluna.it\/news\/wp-json\/wp\/v2\/comments?post=154244"}],"version-history":[{"count":0,"href":"https:\/\/www.radioluna.it\/news\/wp-json\/wp\/v2\/posts\/154244\/revisions"}],"wp:featuredmedia":[{"embeddable":true,"href":"https:\/\/www.radioluna.it\/news\/wp-json\/wp\/v2\/media\/126869"}],"wp:attachment":[{"href":"https:\/\/www.radioluna.it\/news\/wp-json\/wp\/v2\/media?parent=154244"}],"wp:term":[{"taxonomy":"category","embeddable":true,"href":"https:\/\/www.radioluna.it\/news\/wp-json\/wp\/v2\/categories?post=154244"},{"taxonomy":"post_tag","embeddable":true,"href":"https:\/\/www.radioluna.it\/news\/wp-json\/wp\/v2\/tags?post=154244"}],"curies":[{"name":"wp","href":"https:\/\/api.w.org\/{rel}","templated":true}]}}