{"id":154269,"date":"2014-08-22T13:49:47","date_gmt":"2014-08-22T11:49:47","guid":{"rendered":"http:\/\/www.radioluna.it\/news\/?p=154269"},"modified":"2014-08-22T13:49:47","modified_gmt":"2014-08-22T11:49:47","slug":"escalation-criminale-quattrola-pd-critica-nasso-non-sottovalutare-i-fatti","status":"publish","type":"post","link":"https:\/\/www.radioluna.it\/news\/2014\/08\/escalation-criminale-quattrola-pd-critica-nasso-non-sottovalutare-i-fatti\/","title":{"rendered":"Escalation criminale, Quattrola (Pd) critica Nasso: &#8220;Non sottovalutare i fatti&#8221;"},"content":{"rendered":"<div id=\"fb-root\"><\/div>\n<p style=\"text-align: justify;\"><strong><img loading=\"lazy\" decoding=\"async\" class=\"alignleft size-medium wp-image-154270\" src=\"http:\/\/www.radioluna.it\/news\/wp-content\/uploads\/2014\/08\/quattrola-300x225.jpg\" alt=\"quattrola\" width=\"300\" height=\"225\" srcset=\"https:\/\/www.radioluna.it\/news\/wp-content\/uploads\/2014\/08\/quattrola-300x225.jpg 300w, https:\/\/www.radioluna.it\/news\/wp-content\/uploads\/2014\/08\/quattrola-768x576.jpg 768w, https:\/\/www.radioluna.it\/news\/wp-content\/uploads\/2014\/08\/quattrola-500x375.jpg 500w, https:\/\/www.radioluna.it\/news\/wp-content\/uploads\/2014\/08\/quattrola-635x476.jpg 635w, https:\/\/www.radioluna.it\/news\/wp-content\/uploads\/2014\/08\/quattrola-800x600.jpg 800w, https:\/\/www.radioluna.it\/news\/wp-content\/uploads\/2014\/08\/quattrola.jpg 960w\" sizes=\"auto, (max-width: 300px) 100vw, 300px\" \/>LATINA<\/strong> &#8211; Il Pd critica le dichiarazioni rilasciate dall&#8217;assessore allo sport, Michele Nasso al Giornale di Latina e riguardanti le ultime vicende di cronaca. L&#8217;esponente della maggioranza (in assenza del sindaco Di Giorgi e del suo vice Cirilli) intervistato, definisce Latina &#8220;una citt\u00e0 tranquilla&#8221; e dice di augurarsi che gli episodi criminali in questione ( una gambizzazione e due intimidazioni ad attivit\u00e0 commerciali del capoluogo) siano &#8220;bravate&#8221;.<\/p>\n<p style=\"text-align: justify;\">&#8220;Ancora una volta a Latina dobbiamo registrare episodi di criminalit\u00e0 che allarmano i cittadini e le imprese che operano sul territorio comunale.\u00a0E\u2019 in queste situazioni che la politica deve fare politica fornendo risposte forti e chiare&#8221; commenta Giacchino Quattrola segretario comunale del Pd \u00a0puntualizzando che &#8221;\u00a0i fatti accaduti non devono essere oggetto di alcuna strumentalizzazione&#8221; e aggiungendo poi che &#8220;su queste vicende la politica non pu\u00f2 dividersi ma deve reagire in modo compatto per dare segnali forti e inequivocabili&#8221;.<\/p>\n<p style=\"text-align: justify;\">Il Partito Democratico di Latina per\u00f2 vuole prendere le distanze dall\u2019assessore Nasso &#8220;che con le sue parole minimizza quanto accaduto in questi giorni a Latina perch\u00e9 questo \u00e8 quello che la politica non deve fare e siamo certi che la posizione di Nasso non \u00e8 quella maggioritaria all\u2019interno dell\u2019amministrazione comunale e che nel centrodestra la maggioranza la pensi in maniera nettamente diversa da quanto espresso dal proprio assessore&#8221;.<br \/>\nScrive Quattrola in una lunga analisi: &#8220;Come pu\u00f2 la politica rispondere ai fatti di criminalit\u00e0 verificatisi in questi giorni?\u00a0Come ha ricordato il nostro capogruppo in Consiglio Comunale (Alessandro Cozzolino), in coerenza con la manifestazione nazionale di Libera che si \u00e8 tenuta, non a caso, a Latina lo scorso marzo dobbiamo lavorare per portare la Commissione Parlamentare Antimafia nel capoluogo pontino. Sarebbe un segnale forte e chiaro della presenza dello Stato sul nostro territorio, che non arretra ma che rilancia unitariamente contro la sfida lanciata dalla criminalit\u00e0.<br \/>\nMolte cose l\u2019amministrazione comunale pu\u00f2 fare per contrastare i fenomeni sia di criminalit\u00e0 organizzata che di microcriminalit\u00e0.<br \/>\nTra queste intensificare e valutare nuovi strumenti di controllo dei flussi dei capitali che vengono investiti sul territorio comunale. Controllare le volture immobiliari e le volture commerciali relative ai passaggi di propriet\u00e0 e di altri diritti reali di godimento sugli immobili e sulle attivit\u00e0 commerciali oggetto di transazione.<br \/>\nControllare le effettive residenze sul territorio comunale. Questa attivit\u00e0 di controllo \u00e8 sempre pi\u00f9 richiesta dai cittadini di Latina, soprattutto dai residenti dei quartieri popolari dove troppo spesso avvengono episodi di microcriminalit\u00e0.<br \/>\nInfine, anche l\u2019amministrazione comunale di Latina, come gi\u00e0 stanno facendo altri comuni d\u2019Italia, dovrebbe costituirsi parte civile nei processi per reati legati alle attivit\u00e0 criminali organizzate, tra i quali sono annoverati i reati per estorsione, usura e racket.<br \/>\nQueste sono alcune delle proposte che come Partito Democratico rivolgiamo all&#8217;amministrazione comunale &#8211; conclude il \u00a0Segretario Comunale del Partito Democratico di Latina &#8211;\u00a0Se gli inquirenti e la magistratura stanno lavorando per ricostruire i fatti e cercare i colpevoli, la politica deve mettersi a lavoro per creare le condizioni per cui fatti come quelli che hanno visto Latina occupare le cronache dei giornali non avvengano pi\u00f9.<br \/>\nI cittadini di Latina vorrebbero poter leggere e parlare della propria citt\u00e0 di eventi di cui andar fieri, di un miglioramento della qualit\u00e0 della vita del nostro territorio e di una rinnovata aspettativa dei giovani per il futuro.<br \/>\nLa politica deve lavorare per invertire una tendenza regressiva che vede la nostra citt\u00e0 soffocata da alcuni decenni ed il Partito Democratico di Latina e il Gruppo Consiliare del PD inseguono questo obiettivo&#8221;.<\/p>\n","protected":false},"excerpt":{"rendered":"<p>LATINA &#8211; Il Pd critica le dichiarazioni rilasciate dall&#8217;assessore allo sport, Michele Nasso al Giornale di Latina e riguardanti le ultime vicende di cronaca. L&#8217;esponente della maggioranza (in assenza del sindaco Di Giorgi e del suo vice Cirilli) intervistato, definisce Latina &#8220;una citt\u00e0 tranquilla&#8221; e dice di augurarsi che gli episodi criminali in questione ( [&hellip;]<\/p>\n","protected":false},"author":62,"featured_media":154270,"comment_status":"open","ping_status":"closed","sticky":false,"template":"","format":"standard","meta":{"footnotes":""},"categories":[8],"tags":[],"class_list":["post-154269","post","type-post","status-publish","format-standard","has-post-thumbnail","hentry","category-politica"],"_links":{"self":[{"href":"https:\/\/www.radioluna.it\/news\/wp-json\/wp\/v2\/posts\/154269","targetHints":{"allow":["GET"]}}],"collection":[{"href":"https:\/\/www.radioluna.it\/news\/wp-json\/wp\/v2\/posts"}],"about":[{"href":"https:\/\/www.radioluna.it\/news\/wp-json\/wp\/v2\/types\/post"}],"author":[{"embeddable":true,"href":"https:\/\/www.radioluna.it\/news\/wp-json\/wp\/v2\/users\/62"}],"replies":[{"embeddable":true,"href":"https:\/\/www.radioluna.it\/news\/wp-json\/wp\/v2\/comments?post=154269"}],"version-history":[{"count":0,"href":"https:\/\/www.radioluna.it\/news\/wp-json\/wp\/v2\/posts\/154269\/revisions"}],"wp:featuredmedia":[{"embeddable":true,"href":"https:\/\/www.radioluna.it\/news\/wp-json\/wp\/v2\/media\/154270"}],"wp:attachment":[{"href":"https:\/\/www.radioluna.it\/news\/wp-json\/wp\/v2\/media?parent=154269"}],"wp:term":[{"taxonomy":"category","embeddable":true,"href":"https:\/\/www.radioluna.it\/news\/wp-json\/wp\/v2\/categories?post=154269"},{"taxonomy":"post_tag","embeddable":true,"href":"https:\/\/www.radioluna.it\/news\/wp-json\/wp\/v2\/tags?post=154269"}],"curies":[{"name":"wp","href":"https:\/\/api.w.org\/{rel}","templated":true}]}}