{"id":154273,"date":"2014-08-22T17:21:40","date_gmt":"2014-08-22T15:21:40","guid":{"rendered":"http:\/\/www.radioluna.it\/news\/?p=154273"},"modified":"2014-08-22T17:21:40","modified_gmt":"2014-08-22T15:21:40","slug":"disabile-tenta-di-rubare-unauto-arrestato","status":"publish","type":"post","link":"https:\/\/www.radioluna.it\/news\/2014\/08\/disabile-tenta-di-rubare-unauto-arrestato\/","title":{"rendered":"Disabile tenta di rubare un&#8217;auto, arrestato"},"content":{"rendered":"<div id=\"fb-root\"><\/div>\n<div id=\"attachment_126094\" style=\"width: 160px\" class=\"wp-caption alignleft\"><img loading=\"lazy\" decoding=\"async\" aria-describedby=\"caption-attachment-126094\" class=\"wp-image-126094 size-thumbnail\" src=\"http:\/\/www.radioluna.it\/news\/wp-content\/uploads\/2012\/10\/Piazza-del-tribunale-con-seminatore-150x150.jpg\" alt=\"Il Tribunale di Latina\" width=\"150\" height=\"150\" srcset=\"https:\/\/www.radioluna.it\/news\/wp-content\/uploads\/2012\/10\/Piazza-del-tribunale-con-seminatore-150x150.jpg 150w, https:\/\/www.radioluna.it\/news\/wp-content\/uploads\/2012\/10\/Piazza-del-tribunale-con-seminatore-300x300.jpg 300w, https:\/\/www.radioluna.it\/news\/wp-content\/uploads\/2012\/10\/Piazza-del-tribunale-con-seminatore-50x50.jpg 50w, https:\/\/www.radioluna.it\/news\/wp-content\/uploads\/2012\/10\/Piazza-del-tribunale-con-seminatore-80x80.jpg 80w\" sizes=\"auto, (max-width: 150px) 100vw, 150px\" \/><p id=\"caption-attachment-126094\" class=\"wp-caption-text\">Il Tribunale di Latina<\/p><\/div>\n<p style=\"text-align: justify;\">APRILIA &#8211; Ha tentato di rubare un&#8217;auto parcheggiata ad Aprilia anche se era sulla sedia a rotelle. Un ragazzo di 31 anni di Aprilia, \u00a0\u00e8 stato arrestato nella notte dai carabinieri con l&#8217;accusa di tentato furto aggravato. Questa mattina si \u00e8 svolto il processo per direttissima davanti al giudice del Tribunale Fabio Velardi, l&#8217;arresto \u00e8 stato convalidato e al giovane sono stati concessi gli obblighi di polizia giudiziaria.<\/p>\n","protected":false},"excerpt":{"rendered":"<p>APRILIA &#8211; Ha tentato di rubare un&#8217;auto parcheggiata ad Aprilia anche se era sulla sedia a rotelle. Un ragazzo di 31 anni di Aprilia, \u00a0\u00e8 stato arrestato nella notte dai carabinieri con l&#8217;accusa di tentato furto aggravato. Questa mattina si \u00e8 svolto il processo per direttissima davanti al giudice del Tribunale Fabio Velardi, l&#8217;arresto \u00e8 [&hellip;]<\/p>\n","protected":false},"author":60,"featured_media":126094,"comment_status":"open","ping_status":"closed","sticky":false,"template":"","format":"standard","meta":{"footnotes":""},"categories":[7],"tags":[],"class_list":["post-154273","post","type-post","status-publish","format-standard","has-post-thumbnail","hentry","category-cronaca"],"_links":{"self":[{"href":"https:\/\/www.radioluna.it\/news\/wp-json\/wp\/v2\/posts\/154273","targetHints":{"allow":["GET"]}}],"collection":[{"href":"https:\/\/www.radioluna.it\/news\/wp-json\/wp\/v2\/posts"}],"about":[{"href":"https:\/\/www.radioluna.it\/news\/wp-json\/wp\/v2\/types\/post"}],"author":[{"embeddable":true,"href":"https:\/\/www.radioluna.it\/news\/wp-json\/wp\/v2\/users\/60"}],"replies":[{"embeddable":true,"href":"https:\/\/www.radioluna.it\/news\/wp-json\/wp\/v2\/comments?post=154273"}],"version-history":[{"count":0,"href":"https:\/\/www.radioluna.it\/news\/wp-json\/wp\/v2\/posts\/154273\/revisions"}],"wp:featuredmedia":[{"embeddable":true,"href":"https:\/\/www.radioluna.it\/news\/wp-json\/wp\/v2\/media\/126094"}],"wp:attachment":[{"href":"https:\/\/www.radioluna.it\/news\/wp-json\/wp\/v2\/media?parent=154273"}],"wp:term":[{"taxonomy":"category","embeddable":true,"href":"https:\/\/www.radioluna.it\/news\/wp-json\/wp\/v2\/categories?post=154273"},{"taxonomy":"post_tag","embeddable":true,"href":"https:\/\/www.radioluna.it\/news\/wp-json\/wp\/v2\/tags?post=154273"}],"curies":[{"name":"wp","href":"https:\/\/api.w.org\/{rel}","templated":true}]}}