{"id":154277,"date":"2014-08-22T18:20:06","date_gmt":"2014-08-22T16:20:06","guid":{"rendered":"http:\/\/www.radioluna.it\/news\/?p=154277"},"modified":"2014-08-22T18:21:58","modified_gmt":"2014-08-22T16:21:58","slug":"anello-ciclabile-in-centro-progetto-rinviato-rivoluzione-destinata-a-fallire","status":"publish","type":"post","link":"https:\/\/www.radioluna.it\/news\/2014\/08\/anello-ciclabile-in-centro-progetto-rinviato-rivoluzione-destinata-a-fallire\/","title":{"rendered":"Anello ciclabile in centro, progetto rinviato: &#8220;rivoluzione destinata a fallire&#8221;"},"content":{"rendered":"<div id=\"fb-root\"><\/div>\n<div id=\"attachment_119328\" style=\"width: 160px\" class=\"wp-caption alignleft\"><img loading=\"lazy\" decoding=\"async\" aria-describedby=\"caption-attachment-119328\" class=\"wp-image-119328 size-thumbnail\" src=\"http:\/\/www.radioluna.it\/news\/wp-content\/uploads\/2012\/04\/dario-bellini-lancia-la-campagna-150x150.jpg\" alt=\"Dario Bellini di Latina in bicicletta\" width=\"150\" height=\"150\" srcset=\"https:\/\/www.radioluna.it\/news\/wp-content\/uploads\/2012\/04\/dario-bellini-lancia-la-campagna-150x150.jpg 150w, https:\/\/www.radioluna.it\/news\/wp-content\/uploads\/2012\/04\/dario-bellini-lancia-la-campagna-300x300.jpg 300w, https:\/\/www.radioluna.it\/news\/wp-content\/uploads\/2012\/04\/dario-bellini-lancia-la-campagna-50x50.jpg 50w, https:\/\/www.radioluna.it\/news\/wp-content\/uploads\/2012\/04\/dario-bellini-lancia-la-campagna-80x80.jpg 80w\" sizes=\"auto, (max-width: 150px) 100vw, 150px\" \/><p id=\"caption-attachment-119328\" class=\"wp-caption-text\">Dario Bellini di Latina in bicicletta<\/p><\/div>\n<p style=\"text-align: justify;\">LATINA &#8211; Lo scorso luglio in occasione dell\u2019inaugurazione del sentiero Vittime della Strada, Dario Bellini presidente di Latina in Bicicletta, ottenne rassicurazioni dal sindaco circa l&#8217;inizio dei lavori della pista ciclabile in centro. Lavori che dovevano cominciare a novembre ma che oggi risultano rinviati. &#8220;L&#8217;anello ciclabile, progetto presentato dal nostro movimento pi\u00f9 di tre anni fa &#8211; scrive Bellini in una lettera aperta rivolta al primo cittadino\u00a0\u00a0&#8211; doveva essere completato entro dicembre 2014. Ma apprendiamo che \u00e8 stato rinviato. Per quali motivazioni? Quali sono le nuove date per la messa in opera? Si tratta &#8211; continua il presidente di Lib &#8211; di un progetto per noi importante, che oltre tutto assurgerebbe anche valore simbolico per una cittadinanza che deve invertire la triste tendenza di centro col maggior numero di auto per abitante di tutto il Paese, ma stiamo pur sempre riferendoci ad un progetto di una corsia ciclabile lunga 1300 metri e se serve un\u2019intera legislazione per portare a termine un progetto di cos\u00ec limitate dimensioni, che nella sua natura doveva essere di semplicissima realizzazione, \u00e8 nostro timore che sar\u00e0 veramente difficile recuperare il gap di decenni di immobilismo circa i temi della mobilit\u00e0 sostenibile e della qualit\u00e0 della vita. Quindi questa non vuole essere una sterile polemica di fine estate ma la richiesta di un sacrosanto chiarimento circa l\u2019ennesimo rinvio su un\u2019opera troppe volte annunciata&#8221;.<\/p>\n<p style=\"text-align: justify;\">Dario Bellini solleva anche le perplessit\u00e0 del movimento circa la scelte che l&#8217;amministrazione sta facendo riguardo la ZTL in centro citt\u00e0. &#8220;Che senso ha &#8211; scrive nella stessa lettera &#8211; strutturare un\u2019isola pedonale cos\u00ec tanto frazionata? Riaprire a tutto il traffico veicolare e per periodi cos\u00ec prolungati un\u2019area s\u00ec ridotta \u00e8 un controsenso che da una parte verr\u00e0 letto dalla popolazione come l\u2019ennesima situazione di \u201cvia di mezzo\u201d o peggio di precariet\u00e0 che non aiuter\u00e0 di certo ad abbandonare le vecchie abitudini, di utilizzare l\u2019automobile sempre ed ovunque. Dall\u2019altra \u00e8 un non senso spendere cos\u00ec tanti soldi pubblici per abbellire un\u2019area, pavimentarla, arricchirla di arredo urbano per poi vederla invasa dal solito traffico veicolare.\u00a0Credo che, quando si presentano progetti cos\u00ec ambiziosi come la chiusura di un centro storico al traffico veicolare in una citt\u00e0 come Latina, il tempo e lo spazio delle mediazioni debba avere vita breve e corto raggio altrimenti si rischia di portare a casa rivoluzioni azzoppate destinate a fallire&#8221;.<\/p>\n","protected":false},"excerpt":{"rendered":"<p>LATINA &#8211; Lo scorso luglio in occasione dell\u2019inaugurazione del sentiero Vittime della Strada, Dario Bellini presidente di Latina in Bicicletta, ottenne rassicurazioni dal sindaco circa l&#8217;inizio dei lavori della pista ciclabile in centro. Lavori che dovevano cominciare a novembre ma che oggi risultano rinviati. &#8220;L&#8217;anello ciclabile, progetto presentato dal nostro movimento pi\u00f9 di tre anni [&hellip;]<\/p>\n","protected":false},"author":60,"featured_media":119328,"comment_status":"open","ping_status":"closed","sticky":false,"template":"","format":"standard","meta":{"footnotes":""},"categories":[7,8],"tags":[],"class_list":["post-154277","post","type-post","status-publish","format-standard","has-post-thumbnail","hentry","category-cronaca","category-politica"],"_links":{"self":[{"href":"https:\/\/www.radioluna.it\/news\/wp-json\/wp\/v2\/posts\/154277","targetHints":{"allow":["GET"]}}],"collection":[{"href":"https:\/\/www.radioluna.it\/news\/wp-json\/wp\/v2\/posts"}],"about":[{"href":"https:\/\/www.radioluna.it\/news\/wp-json\/wp\/v2\/types\/post"}],"author":[{"embeddable":true,"href":"https:\/\/www.radioluna.it\/news\/wp-json\/wp\/v2\/users\/60"}],"replies":[{"embeddable":true,"href":"https:\/\/www.radioluna.it\/news\/wp-json\/wp\/v2\/comments?post=154277"}],"version-history":[{"count":0,"href":"https:\/\/www.radioluna.it\/news\/wp-json\/wp\/v2\/posts\/154277\/revisions"}],"wp:featuredmedia":[{"embeddable":true,"href":"https:\/\/www.radioluna.it\/news\/wp-json\/wp\/v2\/media\/119328"}],"wp:attachment":[{"href":"https:\/\/www.radioluna.it\/news\/wp-json\/wp\/v2\/media?parent=154277"}],"wp:term":[{"taxonomy":"category","embeddable":true,"href":"https:\/\/www.radioluna.it\/news\/wp-json\/wp\/v2\/categories?post=154277"},{"taxonomy":"post_tag","embeddable":true,"href":"https:\/\/www.radioluna.it\/news\/wp-json\/wp\/v2\/tags?post=154277"}],"curies":[{"name":"wp","href":"https:\/\/api.w.org\/{rel}","templated":true}]}}