{"id":154291,"date":"2014-08-23T08:25:36","date_gmt":"2014-08-23T06:25:36","guid":{"rendered":"http:\/\/www.radioluna.it\/news\/?p=154291"},"modified":"2014-08-25T10:23:30","modified_gmt":"2014-08-25T08:23:30","slug":"perquisizioni-e-posti-di-blocco-notte-di-controlli-a-latina-dopo-gli-attentati-una-pista-per-la-gambizzazione-del-tabaccaio","status":"publish","type":"post","link":"https:\/\/www.radioluna.it\/news\/2014\/08\/perquisizioni-e-posti-di-blocco-notte-di-controlli-a-latina-dopo-gli-attentati-una-pista-per-la-gambizzazione-del-tabaccaio\/","title":{"rendered":"Perquisizioni e posti di blocco, notte di controlli a Latina dopo gli attentati. Una pista per la gambizzazione del tabaccaio"},"content":{"rendered":"<div id=\"fb-root\"><\/div>\n<p style=\"text-align: justify;\"><strong><img loading=\"lazy\" decoding=\"async\" class=\"aligncenter wp-image-154292 size-thumbnail\" src=\"http:\/\/www.radioluna.it\/news\/wp-content\/uploads\/2014\/08\/braceria-635x476.jpg\" alt=\"braceria\" width=\"635\" height=\"476\" srcset=\"https:\/\/www.radioluna.it\/news\/wp-content\/uploads\/2014\/08\/braceria-635x476.jpg 635w, https:\/\/www.radioluna.it\/news\/wp-content\/uploads\/2014\/08\/braceria-768x576.jpg 768w, https:\/\/www.radioluna.it\/news\/wp-content\/uploads\/2014\/08\/braceria-500x375.jpg 500w, https:\/\/www.radioluna.it\/news\/wp-content\/uploads\/2014\/08\/braceria-300x225.jpg 300w, https:\/\/www.radioluna.it\/news\/wp-content\/uploads\/2014\/08\/braceria-800x600.jpg 800w, https:\/\/www.radioluna.it\/news\/wp-content\/uploads\/2014\/08\/braceria.jpg 960w\" sizes=\"auto, (max-width: 635px) 100vw, 635px\" \/>LATINA<\/strong> &#8211; E\u2019 scattata nella serata di ieri un\u2019operazione di controllo disposta dal Questore Giuseppe de Matteis dopo gli ultimi episodi di criminalit\u00e0 avvenuti a Latina nell\u2019arco di tre giorni, tra l&#8217;alba di luned\u00ec e la notte di gioved\u00ec. Eseguite nuove perquisizioni e posti di blocco e potrebbe arrivare la svolta nelle indagini sulla gambizzazione del tabaccaio di Via dei Mille. La squadra Mobile si \u00e8 concentrata sulla vita privata della vittima, Marco Urbani, che \u00e8 convalescente. L&#8217;attenzione investigativa \u00e8 concentrata sulle relazioni private dell&#8217;uomo, un incensurato che non ha mai avuto alcun problema con la giustizia. La polizia sta valutando qualche episodio avvenuto di recente di cui Urbani si sarebbe reso protagonista e che potrebbe aver scatenato la voglia di vendetta . Gli accertamenti sono orientati in una direzione e molto dipender\u00e0 dagli elementi che gli investigatori riusciranno a mettere insieme tra cui i risultati biologici sullo scooter usato per la fuga, le immagini della telecamera che ha ripreso chi ha sparato e altre informazioni raccolte tra i testimoni.<\/p>\n<p style=\"text-align: justify;\"><strong>GIORGIONE E LE FIAMME<\/strong> &#8211; &#8220;Da osteria a braceria&#8221; cos\u00ec intanto Giorgione risponde alla provocazione di chi ha incendiato la tenda esterna e alcuni arredi esterni del suo ristorante in Via Pastrengo a Latina. Ieri fuori dal locale \u00e8 comparso un grosso striscione con la scritta e un emoticon ammiccante, un modo per sfidare gli attentatori e dichiarare di non avere paura. Le indagini dei carabinieri intanto proseguono.<\/p>\n<p style=\"text-align: justify;\"><strong>LE SCUSE DI \u00a0NASSO<\/strong> &#8211; \u00a0Intanto il Pd critica fortemente le dichiarazioni dell\u2019assessore Nasso che minimizzando aveva commentato gli ultimi episodi di criminalit\u00e0 definendoli bravate. \u201cSu episodi come questo non ci devono essere strumentalizzazioni ma nemmeno sottovalutazioni \u201c ha detto ieri il segretario comunale del Pd Giocchino Quattrola, mentre l&#8217;esponente ed ex consigliere provinciale, Giuseppe Pannone invita l&#8217;assessore alle dimissioni. &#8220;Ripeto ci\u00f2 che penso \u00a0&#8211; corregge il tiro Nasso \u00a0&#8211; Si tratta di episodi gravissimi, ma il mio auspicio \u00e8 che siano episodi isolati e non frutto di una criminalit\u00e0 organizzata. Se a questo proposito, in maniera inopportuna, ho usato la parola &#8220;bravata&#8221; chiedo innanzitutto scusa alle vittime degli episodi di delinquenza, nella certezza che comprendano che il mio esprimermi in maniera errata non volesse essere un minimizzare quanto loro accaduto\u201d.<\/p>\n","protected":false},"excerpt":{"rendered":"<p>LATINA &#8211; E\u2019 scattata nella serata di ieri un\u2019operazione di controllo disposta dal Questore Giuseppe de Matteis dopo gli ultimi episodi di criminalit\u00e0 avvenuti a Latina nell\u2019arco di tre giorni, tra l&#8217;alba di luned\u00ec e la notte di gioved\u00ec. Eseguite nuove perquisizioni e posti di blocco e potrebbe arrivare la svolta nelle indagini sulla gambizzazione [&hellip;]<\/p>\n","protected":false},"author":62,"featured_media":154292,"comment_status":"open","ping_status":"closed","sticky":false,"template":"","format":"standard","meta":{"footnotes":""},"categories":[7],"tags":[],"class_list":["post-154291","post","type-post","status-publish","format-standard","has-post-thumbnail","hentry","category-cronaca"],"_links":{"self":[{"href":"https:\/\/www.radioluna.it\/news\/wp-json\/wp\/v2\/posts\/154291","targetHints":{"allow":["GET"]}}],"collection":[{"href":"https:\/\/www.radioluna.it\/news\/wp-json\/wp\/v2\/posts"}],"about":[{"href":"https:\/\/www.radioluna.it\/news\/wp-json\/wp\/v2\/types\/post"}],"author":[{"embeddable":true,"href":"https:\/\/www.radioluna.it\/news\/wp-json\/wp\/v2\/users\/62"}],"replies":[{"embeddable":true,"href":"https:\/\/www.radioluna.it\/news\/wp-json\/wp\/v2\/comments?post=154291"}],"version-history":[{"count":0,"href":"https:\/\/www.radioluna.it\/news\/wp-json\/wp\/v2\/posts\/154291\/revisions"}],"wp:featuredmedia":[{"embeddable":true,"href":"https:\/\/www.radioluna.it\/news\/wp-json\/wp\/v2\/media\/154292"}],"wp:attachment":[{"href":"https:\/\/www.radioluna.it\/news\/wp-json\/wp\/v2\/media?parent=154291"}],"wp:term":[{"taxonomy":"category","embeddable":true,"href":"https:\/\/www.radioluna.it\/news\/wp-json\/wp\/v2\/categories?post=154291"},{"taxonomy":"post_tag","embeddable":true,"href":"https:\/\/www.radioluna.it\/news\/wp-json\/wp\/v2\/tags?post=154291"}],"curies":[{"name":"wp","href":"https:\/\/api.w.org\/{rel}","templated":true}]}}