{"id":154342,"date":"2014-08-25T17:50:04","date_gmt":"2014-08-25T15:50:04","guid":{"rendered":"http:\/\/www.radioluna.it\/news\/?p=154342"},"modified":"2014-08-25T17:50:04","modified_gmt":"2014-08-25T15:50:04","slug":"societa-e-associazioni-sportive-quando-spende-il-comune","status":"publish","type":"post","link":"https:\/\/www.radioluna.it\/news\/2014\/08\/societa-e-associazioni-sportive-quando-spende-il-comune\/","title":{"rendered":"Societ\u00e0 e associazioni sportive: quando spende il Comune?"},"content":{"rendered":"<div id=\"fb-root\"><\/div>\n<p style=\"text-align: justify;\"><img loading=\"lazy\" decoding=\"async\" class=\"alignleft wp-image-134540 size-thumbnail\" src=\"http:\/\/www.radioluna.it\/news\/wp-content\/uploads\/2013\/04\/comune-latina-con-palla-150x150.jpg\" alt=\"comune latina con palla\" width=\"150\" height=\"150\" srcset=\"https:\/\/www.radioluna.it\/news\/wp-content\/uploads\/2013\/04\/comune-latina-con-palla-150x150.jpg 150w, https:\/\/www.radioluna.it\/news\/wp-content\/uploads\/2013\/04\/comune-latina-con-palla-300x300.jpg 300w, https:\/\/www.radioluna.it\/news\/wp-content\/uploads\/2013\/04\/comune-latina-con-palla-80x80.jpg 80w, https:\/\/www.radioluna.it\/news\/wp-content\/uploads\/2013\/04\/comune-latina-con-palla-50x50.jpg 50w\" sizes=\"auto, (max-width: 150px) 100vw, 150px\" \/>LATINA &#8211; \u201cIl comune di Latina quanti soldi spende per sostenere le societ\u00e0 e le associazioni sportive della citt\u00e0? Quanti soldi pubblici vengono destinati a questi obiettivi? E soprattutto quali sono i soggetti che dall\u2019inizio del 2013 ad oggi hanno beneficiato di questi aiuti? E per quale entit\u00e0?\u201d. Queste sono le richieste fatte da Alessandro Cozzolino, capogruppo del Pd in consiglio comunale di Latina agli uffici competenti.<\/p>\n<p style=\"text-align: justify;\">\u201cEra il 22 luglio scorso quando presentai una richiesta di accesso agli atti per leggere i dati reali \u2013 afferma Cozzolino &#8211; Da quella data \u00e8 passato pi\u00f9 di un mese e ancora non ho ricevuto alcun risposta. Per quanto riguarda le societ\u00e0 sportive \u00e8 bene avere un quadro chiaro della situazione. Non vorremmo &#8211; \u00a0conclude &#8211; trovarci davanti a situazioni in cui alcuni soggetti hanno beneficiato pi\u00f9 di altri di aiuti comunali\u201d.<\/p>\n","protected":false},"excerpt":{"rendered":"<p>LATINA &#8211; \u201cIl comune di Latina quanti soldi spende per sostenere le societ\u00e0 e le associazioni sportive della citt\u00e0? Quanti soldi pubblici vengono destinati a questi obiettivi? E soprattutto quali sono i soggetti che dall\u2019inizio del 2013 ad oggi hanno beneficiato di questi aiuti? E per quale entit\u00e0?\u201d. Queste sono le richieste fatte da Alessandro [&hellip;]<\/p>\n","protected":false},"author":60,"featured_media":134540,"comment_status":"open","ping_status":"closed","sticky":false,"template":"","format":"standard","meta":{"footnotes":""},"categories":[8],"tags":[],"class_list":["post-154342","post","type-post","status-publish","format-standard","has-post-thumbnail","hentry","category-politica"],"_links":{"self":[{"href":"https:\/\/www.radioluna.it\/news\/wp-json\/wp\/v2\/posts\/154342","targetHints":{"allow":["GET"]}}],"collection":[{"href":"https:\/\/www.radioluna.it\/news\/wp-json\/wp\/v2\/posts"}],"about":[{"href":"https:\/\/www.radioluna.it\/news\/wp-json\/wp\/v2\/types\/post"}],"author":[{"embeddable":true,"href":"https:\/\/www.radioluna.it\/news\/wp-json\/wp\/v2\/users\/60"}],"replies":[{"embeddable":true,"href":"https:\/\/www.radioluna.it\/news\/wp-json\/wp\/v2\/comments?post=154342"}],"version-history":[{"count":0,"href":"https:\/\/www.radioluna.it\/news\/wp-json\/wp\/v2\/posts\/154342\/revisions"}],"wp:featuredmedia":[{"embeddable":true,"href":"https:\/\/www.radioluna.it\/news\/wp-json\/wp\/v2\/media\/134540"}],"wp:attachment":[{"href":"https:\/\/www.radioluna.it\/news\/wp-json\/wp\/v2\/media?parent=154342"}],"wp:term":[{"taxonomy":"category","embeddable":true,"href":"https:\/\/www.radioluna.it\/news\/wp-json\/wp\/v2\/categories?post=154342"},{"taxonomy":"post_tag","embeddable":true,"href":"https:\/\/www.radioluna.it\/news\/wp-json\/wp\/v2\/tags?post=154342"}],"curies":[{"name":"wp","href":"https:\/\/api.w.org\/{rel}","templated":true}]}}