{"id":154386,"date":"2014-08-26T17:20:06","date_gmt":"2014-08-26T15:20:06","guid":{"rendered":"http:\/\/www.radioluna.it\/news\/?p=154386"},"modified":"2014-08-26T17:20:06","modified_gmt":"2014-08-26T15:20:06","slug":"calcio-alessandro-sbaffo-e-del-latina","status":"publish","type":"post","link":"https:\/\/www.radioluna.it\/news\/2014\/08\/calcio-alessandro-sbaffo-e-del-latina\/","title":{"rendered":"Calcio: Alessandro Sbaffo \u00e8 del Latina"},"content":{"rendered":"<div id=\"fb-root\"><\/div>\n<p style=\"text-align: justify;\"><img loading=\"lazy\" decoding=\"async\" class=\"aligncenter size-thumbnail wp-image-154387\" src=\"http:\/\/www.radioluna.it\/news\/wp-content\/uploads\/2014\/08\/Alessandro-Sbaffo-635x642.jpg\" alt=\"Alessandro Sbaffo\" width=\"635\" height=\"642\" srcset=\"https:\/\/www.radioluna.it\/news\/wp-content\/uploads\/2014\/08\/Alessandro-Sbaffo-635x642.jpg 635w, https:\/\/www.radioluna.it\/news\/wp-content\/uploads\/2014\/08\/Alessandro-Sbaffo-297x300.jpg 297w, https:\/\/www.radioluna.it\/news\/wp-content\/uploads\/2014\/08\/Alessandro-Sbaffo-768x777.jpg 768w, https:\/\/www.radioluna.it\/news\/wp-content\/uploads\/2014\/08\/Alessandro-Sbaffo-500x506.jpg 500w, https:\/\/www.radioluna.it\/news\/wp-content\/uploads\/2014\/08\/Alessandro-Sbaffo-80x80.jpg 80w, https:\/\/www.radioluna.it\/news\/wp-content\/uploads\/2014\/08\/Alessandro-Sbaffo-1012x1024.jpg 1012w, https:\/\/www.radioluna.it\/news\/wp-content\/uploads\/2014\/08\/Alessandro-Sbaffo-50x50.jpg 50w, https:\/\/www.radioluna.it\/news\/wp-content\/uploads\/2014\/08\/Alessandro-Sbaffo-800x809.jpg 800w, https:\/\/www.radioluna.it\/news\/wp-content\/uploads\/2014\/08\/Alessandro-Sbaffo.jpg 1000w\" sizes=\"auto, (max-width: 635px) 100vw, 635px\" \/><\/p>\n<p style=\"text-align: justify;\">LATINA &#8211; Alessandro Sbaffo \u00e8 del Latina. Il centrocampista classe 1990 arriva in prestito dal Chievo: prestito con diritto di riscatto. \u201cArrivo con la consapevolezza di entrare a far parte di una rosa molto competitiva \u2013 ha dichiarato \u2013 La societ\u00e0 \u00e8 ambiziosa ed ha tanta voglia di continuare a crescere: \u00e8 stata una destinazione che mi ha affascinato subito. Voglio vivere al meglio questa nuova avventura, mi metter\u00f2 a disposizione del mister cercando di dare il massimo dall&#8217;inizio alla fine. Il campionato sar\u00e0 tosto e difficile, ma penso che questa squadra sia in grado di recitare un ruolo da protagonista\u201d.<\/p>\n","protected":false},"excerpt":{"rendered":"<p>LATINA &#8211; Alessandro Sbaffo \u00e8 del Latina. Il centrocampista classe 1990 arriva in prestito dal Chievo: prestito con diritto di riscatto. \u201cArrivo con la consapevolezza di entrare a far parte di una rosa molto competitiva \u2013 ha dichiarato \u2013 La societ\u00e0 \u00e8 ambiziosa ed ha tanta voglia di continuare a crescere: \u00e8 stata una destinazione [&hellip;]<\/p>\n","protected":false},"author":60,"featured_media":154387,"comment_status":"open","ping_status":"closed","sticky":false,"template":"","format":"standard","meta":{"footnotes":""},"categories":[17],"tags":[],"class_list":["post-154386","post","type-post","status-publish","format-standard","has-post-thumbnail","hentry","category-sport"],"_links":{"self":[{"href":"https:\/\/www.radioluna.it\/news\/wp-json\/wp\/v2\/posts\/154386","targetHints":{"allow":["GET"]}}],"collection":[{"href":"https:\/\/www.radioluna.it\/news\/wp-json\/wp\/v2\/posts"}],"about":[{"href":"https:\/\/www.radioluna.it\/news\/wp-json\/wp\/v2\/types\/post"}],"author":[{"embeddable":true,"href":"https:\/\/www.radioluna.it\/news\/wp-json\/wp\/v2\/users\/60"}],"replies":[{"embeddable":true,"href":"https:\/\/www.radioluna.it\/news\/wp-json\/wp\/v2\/comments?post=154386"}],"version-history":[{"count":0,"href":"https:\/\/www.radioluna.it\/news\/wp-json\/wp\/v2\/posts\/154386\/revisions"}],"wp:featuredmedia":[{"embeddable":true,"href":"https:\/\/www.radioluna.it\/news\/wp-json\/wp\/v2\/media\/154387"}],"wp:attachment":[{"href":"https:\/\/www.radioluna.it\/news\/wp-json\/wp\/v2\/media?parent=154386"}],"wp:term":[{"taxonomy":"category","embeddable":true,"href":"https:\/\/www.radioluna.it\/news\/wp-json\/wp\/v2\/categories?post=154386"},{"taxonomy":"post_tag","embeddable":true,"href":"https:\/\/www.radioluna.it\/news\/wp-json\/wp\/v2\/tags?post=154386"}],"curies":[{"name":"wp","href":"https:\/\/api.w.org\/{rel}","templated":true}]}}