{"id":154419,"date":"2014-08-27T09:36:10","date_gmt":"2014-08-27T07:36:10","guid":{"rendered":"http:\/\/www.radioluna.it\/news\/?p=154419"},"modified":"2014-08-27T09:36:10","modified_gmt":"2014-08-27T07:36:10","slug":"calcio-il-latina-stasera-a-sezze","status":"publish","type":"post","link":"https:\/\/www.radioluna.it\/news\/2014\/08\/calcio-il-latina-stasera-a-sezze\/","title":{"rendered":"Calcio, il Latina stasera a Sezze"},"content":{"rendered":"<div id=\"fb-root\"><\/div>\n<p>&nbsp;<\/p>\n<p style=\"text-align: justify;\"><img loading=\"lazy\" decoding=\"async\" class=\"alignleft size-thumbnail wp-image-150877\" src=\"http:\/\/www.radioluna.it\/news\/wp-content\/uploads\/2014\/05\/PICT0556-635x476.jpg\" alt=\"calcio\" width=\"635\" height=\"476\" srcset=\"https:\/\/www.radioluna.it\/news\/wp-content\/uploads\/2014\/05\/PICT0556-635x476.jpg 635w, https:\/\/www.radioluna.it\/news\/wp-content\/uploads\/2014\/05\/PICT0556-768x576.jpg 768w, https:\/\/www.radioluna.it\/news\/wp-content\/uploads\/2014\/05\/PICT0556-500x375.jpg 500w, https:\/\/www.radioluna.it\/news\/wp-content\/uploads\/2014\/05\/PICT0556-300x225.jpg 300w, https:\/\/www.radioluna.it\/news\/wp-content\/uploads\/2014\/05\/PICT0556-1024x768.jpg 1024w, https:\/\/www.radioluna.it\/news\/wp-content\/uploads\/2014\/05\/PICT0556-800x600.jpg 800w, https:\/\/www.radioluna.it\/news\/wp-content\/uploads\/2014\/05\/PICT0556.jpg 1000w\" sizes=\"auto, (max-width: 635px) 100vw, 635px\" \/><\/p>\n<p style=\"text-align: justify;\">LATINA-\u00a0La prima partita ufficiale del Latina \u00a0\u00e8 stata rinviata. \u00a0La comunicazione \u00e8 arrivata \u00a0dalla Lega di Serie B che ha pubblicato il calendario dove manca l&#8217;indicazione della ventiduesima squadra: nell&#8217;elenco delle partite c&#8217;\u00e8 \u00a0una X, che sar\u00e0 integrata successivamente. La partita tra il Latina e la squadra che prender\u00e0 il posto lasciato vacante \u00e8 rinviata a data da destinarsi, l&#8217;esordio in campionato dei nerazzurri \u00e8 fissato dunque per il 6 settembre alle 18 al Francioni contro il Crotone. \u00a0Questa sera con inizio alle 20,30 intanto la squadra allenata da Mario Beretta sar\u00e0 impegnata in una amichevole a Sezze. Il costo del biglietto \u00e8 di 10 euro.<\/p>\n<p style=\"text-align: justify;\">\n<p style=\"text-align: justify;\">\n","protected":false},"excerpt":{"rendered":"<p>&nbsp; LATINA-\u00a0La prima partita ufficiale del Latina \u00a0\u00e8 stata rinviata. \u00a0La comunicazione \u00e8 arrivata \u00a0dalla Lega di Serie B che ha pubblicato il calendario dove manca l&#8217;indicazione della ventiduesima squadra: nell&#8217;elenco delle partite c&#8217;\u00e8 \u00a0una X, che sar\u00e0 integrata successivamente. La partita tra il Latina e la squadra che prender\u00e0 il posto lasciato vacante \u00e8 [&hellip;]<\/p>\n","protected":false},"author":60,"featured_media":150877,"comment_status":"open","ping_status":"closed","sticky":false,"template":"","format":"standard","meta":{"footnotes":""},"categories":[17],"tags":[],"class_list":["post-154419","post","type-post","status-publish","format-standard","has-post-thumbnail","hentry","category-sport"],"_links":{"self":[{"href":"https:\/\/www.radioluna.it\/news\/wp-json\/wp\/v2\/posts\/154419","targetHints":{"allow":["GET"]}}],"collection":[{"href":"https:\/\/www.radioluna.it\/news\/wp-json\/wp\/v2\/posts"}],"about":[{"href":"https:\/\/www.radioluna.it\/news\/wp-json\/wp\/v2\/types\/post"}],"author":[{"embeddable":true,"href":"https:\/\/www.radioluna.it\/news\/wp-json\/wp\/v2\/users\/60"}],"replies":[{"embeddable":true,"href":"https:\/\/www.radioluna.it\/news\/wp-json\/wp\/v2\/comments?post=154419"}],"version-history":[{"count":0,"href":"https:\/\/www.radioluna.it\/news\/wp-json\/wp\/v2\/posts\/154419\/revisions"}],"wp:featuredmedia":[{"embeddable":true,"href":"https:\/\/www.radioluna.it\/news\/wp-json\/wp\/v2\/media\/150877"}],"wp:attachment":[{"href":"https:\/\/www.radioluna.it\/news\/wp-json\/wp\/v2\/media?parent=154419"}],"wp:term":[{"taxonomy":"category","embeddable":true,"href":"https:\/\/www.radioluna.it\/news\/wp-json\/wp\/v2\/categories?post=154419"},{"taxonomy":"post_tag","embeddable":true,"href":"https:\/\/www.radioluna.it\/news\/wp-json\/wp\/v2\/tags?post=154419"}],"curies":[{"name":"wp","href":"https:\/\/api.w.org\/{rel}","templated":true}]}}