{"id":154438,"date":"2014-08-27T18:20:06","date_gmt":"2014-08-27T16:20:06","guid":{"rendered":"http:\/\/www.radioluna.it\/news\/?p=154438"},"modified":"2014-08-27T18:20:06","modified_gmt":"2014-08-27T16:20:06","slug":"calcio-agostino-tucciarone-di-nuovo-responsabile-sanitario","status":"publish","type":"post","link":"https:\/\/www.radioluna.it\/news\/2014\/08\/calcio-agostino-tucciarone-di-nuovo-responsabile-sanitario\/","title":{"rendered":"Calcio. Agostino Tucciarone di nuovo responsabile sanitario"},"content":{"rendered":"<div id=\"fb-root\"><\/div>\n<p align=\"justify\"><span style=\"color: #000000;\"><span style=\"font-family: Arial, sans-serif;\"><span style=\"font-size: medium;\"><img loading=\"lazy\" decoding=\"async\" class=\"aligncenter size-thumbnail wp-image-154439\" src=\"http:\/\/www.radioluna.it\/news\/wp-content\/uploads\/2014\/08\/Agostino-Tucciarone-635x423.jpg\" alt=\"Agostino Tucciarone\" width=\"635\" height=\"423\" srcset=\"https:\/\/www.radioluna.it\/news\/wp-content\/uploads\/2014\/08\/Agostino-Tucciarone-635x423.jpg 635w, https:\/\/www.radioluna.it\/news\/wp-content\/uploads\/2014\/08\/Agostino-Tucciarone-300x200.jpg 300w, https:\/\/www.radioluna.it\/news\/wp-content\/uploads\/2014\/08\/Agostino-Tucciarone-768x512.jpg 768w, https:\/\/www.radioluna.it\/news\/wp-content\/uploads\/2014\/08\/Agostino-Tucciarone-500x333.jpg 500w, https:\/\/www.radioluna.it\/news\/wp-content\/uploads\/2014\/08\/Agostino-Tucciarone-600x400.jpg 600w, https:\/\/www.radioluna.it\/news\/wp-content\/uploads\/2014\/08\/Agostino-Tucciarone-1024x682.jpg 1024w, https:\/\/www.radioluna.it\/news\/wp-content\/uploads\/2014\/08\/Agostino-Tucciarone-800x533.jpg 800w, https:\/\/www.radioluna.it\/news\/wp-content\/uploads\/2014\/08\/Agostino-Tucciarone.jpg 1000w\" sizes=\"auto, (max-width: 635px) 100vw, 635px\" \/><\/span><\/span><\/span><\/p>\n<p align=\"justify\"><span style=\"color: #000000;\"><span style=\"font-family: Arial, sans-serif;\"><span style=\"font-size: medium;\">LATINA \u00a0&#8211;\u00a0<\/span><\/span><\/span>Il professor Agostino Tucciarone \u00e8 di nuovo il responsabile sanitario nerazzurro. Con lui, dello staff, torna a far parte anche il dottor Roberto Fabbrini. Dario Cifr\u00e0 sar\u00e0 il responsabile delle esigenze sanitarie. La societ\u00e0, quindi, riabbraccia Agostino Tucciarone per dare vita ad un programma di lavoro quanto pi\u00f9 proficuo possibile. \u201cSono felice e orgoglioso di tornare a far parte del progetto Latina \u2013 ha dichiarato il professor Tucciarone \u2013 A questa propriet\u00e0 non potevo dire di no. Stiamo parlando di un programma importante, che ha alla base un traguardo di rilievo, con l&#8217;obiettivo di riprendere il cammino lasciato in sospeso la passata stagione\u201d.<\/p>\n<p align=\"justify\">Lo staff sanitario \u2013 Responsabile sanitario: Agostino Tucciarone. Traumatologo: Roberto Fabbrini. Medico sociale: Gaetano Schiavottiello. Responsabile esigenze sanitarie: Dario Cifra. Cardiologo: Emiliano Bonanni. Collaboratore sanitario: Nicola Gioia. Osteopata: Fabio Fanton. Radiologo: Massimiliano D&#8217;Erme. Fisioterapisti: Giuseppe De Chiara e Massimo Piva. Massaggiatori: Giuseppe Ciotti e Mario Cassetta<\/p>\n","protected":false},"excerpt":{"rendered":"<p>LATINA \u00a0&#8211;\u00a0Il professor Agostino Tucciarone \u00e8 di nuovo il responsabile sanitario nerazzurro. Con lui, dello staff, torna a far parte anche il dottor Roberto Fabbrini. Dario Cifr\u00e0 sar\u00e0 il responsabile delle esigenze sanitarie. La societ\u00e0, quindi, riabbraccia Agostino Tucciarone per dare vita ad un programma di lavoro quanto pi\u00f9 proficuo possibile. \u201cSono felice e orgoglioso [&hellip;]<\/p>\n","protected":false},"author":60,"featured_media":154439,"comment_status":"open","ping_status":"closed","sticky":false,"template":"","format":"standard","meta":{"footnotes":""},"categories":[17],"tags":[],"class_list":["post-154438","post","type-post","status-publish","format-standard","has-post-thumbnail","hentry","category-sport"],"_links":{"self":[{"href":"https:\/\/www.radioluna.it\/news\/wp-json\/wp\/v2\/posts\/154438","targetHints":{"allow":["GET"]}}],"collection":[{"href":"https:\/\/www.radioluna.it\/news\/wp-json\/wp\/v2\/posts"}],"about":[{"href":"https:\/\/www.radioluna.it\/news\/wp-json\/wp\/v2\/types\/post"}],"author":[{"embeddable":true,"href":"https:\/\/www.radioluna.it\/news\/wp-json\/wp\/v2\/users\/60"}],"replies":[{"embeddable":true,"href":"https:\/\/www.radioluna.it\/news\/wp-json\/wp\/v2\/comments?post=154438"}],"version-history":[{"count":0,"href":"https:\/\/www.radioluna.it\/news\/wp-json\/wp\/v2\/posts\/154438\/revisions"}],"wp:featuredmedia":[{"embeddable":true,"href":"https:\/\/www.radioluna.it\/news\/wp-json\/wp\/v2\/media\/154439"}],"wp:attachment":[{"href":"https:\/\/www.radioluna.it\/news\/wp-json\/wp\/v2\/media?parent=154438"}],"wp:term":[{"taxonomy":"category","embeddable":true,"href":"https:\/\/www.radioluna.it\/news\/wp-json\/wp\/v2\/categories?post=154438"},{"taxonomy":"post_tag","embeddable":true,"href":"https:\/\/www.radioluna.it\/news\/wp-json\/wp\/v2\/tags?post=154438"}],"curies":[{"name":"wp","href":"https:\/\/api.w.org\/{rel}","templated":true}]}}