{"id":154533,"date":"2014-08-29T20:13:15","date_gmt":"2014-08-29T18:13:15","guid":{"rendered":"http:\/\/www.radioluna.it\/news\/?p=154533"},"modified":"2014-08-29T20:13:15","modified_gmt":"2014-08-29T18:13:15","slug":"sky-wine-2014-rassegna-enogastronomica-a-sermoneta","status":"publish","type":"post","link":"https:\/\/www.radioluna.it\/news\/2014\/08\/sky-wine-2014-rassegna-enogastronomica-a-sermoneta\/","title":{"rendered":"Sky Wine 2014, rassegna enogastronomica a Sermoneta"},"content":{"rendered":"<div id=\"fb-root\"><\/div>\n<p style=\"text-align: justify;\"><img loading=\"lazy\" decoding=\"async\" class=\"aligncenter size-thumbnail wp-image-154534\" src=\"http:\/\/www.radioluna.it\/news\/wp-content\/uploads\/2014\/08\/mappa-evento-635x437.jpg\" alt=\"mappa evento\" width=\"635\" height=\"437\" srcset=\"https:\/\/www.radioluna.it\/news\/wp-content\/uploads\/2014\/08\/mappa-evento-635x437.jpg 635w, https:\/\/www.radioluna.it\/news\/wp-content\/uploads\/2014\/08\/mappa-evento-300x207.jpg 300w, https:\/\/www.radioluna.it\/news\/wp-content\/uploads\/2014\/08\/mappa-evento-768x529.jpg 768w, https:\/\/www.radioluna.it\/news\/wp-content\/uploads\/2014\/08\/mappa-evento-1024x706.jpg 1024w, https:\/\/www.radioluna.it\/news\/wp-content\/uploads\/2014\/08\/mappa-evento-500x345.jpg 500w, https:\/\/www.radioluna.it\/news\/wp-content\/uploads\/2014\/08\/mappa-evento-800x551.jpg 800w, https:\/\/www.radioluna.it\/news\/wp-content\/uploads\/2014\/08\/mappa-evento.jpg 1233w\" sizes=\"auto, (max-width: 635px) 100vw, 635px\" \/>SERMONETA &#8211; La manifestazione enologica &#8220;SKY WINE&#8221; giunge alla sua terza edizione. La rassegna e degustazione di vini, patrocinata dal Comune di Sermoneta ed organizzata dall&#8217;Associazione Culturale Best Events, \u00e8 in programma nella Citt\u00e0 d&#8217;Arte di Sermoneta nei giorni di sabato 30 e domenica 31 agosto 2014.<\/p>\n<p style=\"text-align: justify;\">&#8220;SKY WINE&#8221; dopo le due edizioni di successo svoltesi a Latina presso la Torre Pontina, si coniuga quest&#8217;anno alla storicit\u00e0 del territorio, con un itinerario volto alla valorizzazione della tipicit\u00e0 locale che pu\u00f2 vantare una salda identit\u00e0 in termini di cultura, tradizioni e sapori.\u00a0Le location storiche prescelte coniugano la storia del borgo medioevale con la volont\u00e0 di conferire importanza ed eleganza alla presentazione dei prodotti nostrani, autentici tesori delle nostre terre.<\/p>\n<p style=\"text-align: justify;\">\nNel Centro Storico della Citt\u00e0 di Sermoneta, la Loggia dei Mercanti, il Palazzo Caetani (sede del Museo della Ceramica) e l&#8217;aula consiliare di Palazzo Americi \u2013 adiacente il Belvedere, faranno da splendida cornice alle due serate interamente dedicate all&#8217;enogastronomia locale.\u00a0Numerose gi\u00e0 le adesioni delle aziende vinicole del territorio e non, che racconteranno al pubblico i segreti e le particolarit\u00e0 delle loro preziose produzioni.<br \/>\nDalle 17 sino a tarda serata l\u2019evento riserver\u00e0 sorprese e caratteristiche che allieteranno i presenti, tra arte, show coking, accostamenti dei piatti tipici con i vini del territorio e musica \u2013 il vino sar\u00e0 il filo conduttore di una manifestazione a ridosso dell\u2019imminente stagione di vendemmia.<br \/>\nSar\u00e0 possibile visitare fino a tarda sera anche il Castello Caetani, grazie alla collaborazione con la Fondazione Caetani che ha prolungato l&#8217;orario di apertura, e il Museo Diocesano in collaborazione con la Diocesi di Latina. Saranno presenti gli Sbandieratori Ducato Caetani di Sermoneta e l&#8217;Associazione Festeggiamenti Centro Storico con i figuranti in abiti del cinquecento della Rievocazione Storica della Battaglia di Lepanto, che quest&#8217;anno si terr\u00e0 domenica 12 ottobre.<br \/>\nI contenuti dell\u2019evento saranno arricchiti dalla presenza di due noti acquerellisti nostrani di fama internazionale che hanno pregevolmente illustrato i paesaggi ed i tratti spesso inusuali della nostra provincia. Gli artisti Valerio Libralato e Tatiana Lapteva condurranno i visitatori in un un viaggio negli angoli e scorci pi\u00f9 suggestivi che il territorio pontino offre. L\u2019uso dei \u201cvinarelli\u201d \u2013 l&#8217;arte di dipingere con pigmenti a base di vino, sar\u00e0 poi una delle curiosit\u00e0 pi\u00f9 interessanti.\u00a0Calice e tracollina saranno i mezzi che accompagneranno il pubblico nell\u2019esplorazione inconsueta di una citt\u00e0 storica quale Sermoneta che celebrer\u00e0 per un weekend l\u2019incontro tra la splendida cornice artistica ed il buon gusto.<\/p>\n","protected":false},"excerpt":{"rendered":"<p>SERMONETA &#8211; La manifestazione enologica &#8220;SKY WINE&#8221; giunge alla sua terza edizione. La rassegna e degustazione di vini, patrocinata dal Comune di Sermoneta ed organizzata dall&#8217;Associazione Culturale Best Events, \u00e8 in programma nella Citt\u00e0 d&#8217;Arte di Sermoneta nei giorni di sabato 30 e domenica 31 agosto 2014. &#8220;SKY WINE&#8221; dopo le due edizioni di successo [&hellip;]<\/p>\n","protected":false},"author":60,"featured_media":154534,"comment_status":"open","ping_status":"closed","sticky":false,"template":"","format":"standard","meta":{"footnotes":""},"categories":[16,15],"tags":[],"class_list":["post-154533","post","type-post","status-publish","format-standard","has-post-thumbnail","hentry","category-appuntamenti","category-cultura"],"_links":{"self":[{"href":"https:\/\/www.radioluna.it\/news\/wp-json\/wp\/v2\/posts\/154533","targetHints":{"allow":["GET"]}}],"collection":[{"href":"https:\/\/www.radioluna.it\/news\/wp-json\/wp\/v2\/posts"}],"about":[{"href":"https:\/\/www.radioluna.it\/news\/wp-json\/wp\/v2\/types\/post"}],"author":[{"embeddable":true,"href":"https:\/\/www.radioluna.it\/news\/wp-json\/wp\/v2\/users\/60"}],"replies":[{"embeddable":true,"href":"https:\/\/www.radioluna.it\/news\/wp-json\/wp\/v2\/comments?post=154533"}],"version-history":[{"count":0,"href":"https:\/\/www.radioluna.it\/news\/wp-json\/wp\/v2\/posts\/154533\/revisions"}],"wp:featuredmedia":[{"embeddable":true,"href":"https:\/\/www.radioluna.it\/news\/wp-json\/wp\/v2\/media\/154534"}],"wp:attachment":[{"href":"https:\/\/www.radioluna.it\/news\/wp-json\/wp\/v2\/media?parent=154533"}],"wp:term":[{"taxonomy":"category","embeddable":true,"href":"https:\/\/www.radioluna.it\/news\/wp-json\/wp\/v2\/categories?post=154533"},{"taxonomy":"post_tag","embeddable":true,"href":"https:\/\/www.radioluna.it\/news\/wp-json\/wp\/v2\/tags?post=154533"}],"curies":[{"name":"wp","href":"https:\/\/api.w.org\/{rel}","templated":true}]}}