{"id":154552,"date":"2014-08-30T10:36:44","date_gmt":"2014-08-30T08:36:44","guid":{"rendered":"http:\/\/www.radioluna.it\/news\/?p=154552"},"modified":"2014-08-30T10:36:44","modified_gmt":"2014-08-30T08:36:44","slug":"lanimatore-scomparso-si-giustifica-su-facebook","status":"publish","type":"post","link":"https:\/\/www.radioluna.it\/news\/2014\/08\/lanimatore-scomparso-si-giustifica-su-facebook\/","title":{"rendered":"L&#8217;animatore scomparso si giustifica su Facebook"},"content":{"rendered":"<div id=\"fb-root\"><\/div>\n<p><img loading=\"lazy\" decoding=\"async\" class=\"alignleft size-full wp-image-154489\" src=\"http:\/\/www.radioluna.it\/news\/wp-content\/uploads\/2014\/08\/scomparso-federico.jpg\" alt=\"scomparso federico\" width=\"438\" height=\"328\" srcset=\"https:\/\/www.radioluna.it\/news\/wp-content\/uploads\/2014\/08\/scomparso-federico.jpg 438w, https:\/\/www.radioluna.it\/news\/wp-content\/uploads\/2014\/08\/scomparso-federico-300x225.jpg 300w\" sizes=\"auto, (max-width: 438px) 100vw, 438px\" \/><\/p>\n<p style=\"text-align: justify;\">SABAUDIA-Ha promesso che non lo far\u00e0 pi\u00f9. &lt;Dovevo andare a comprare le sigarette ma il posto pi\u00f9 vicino era Nettuno&#8230;&gt;. Federico Spurio, \u00a0l&#8217;animatore turistico di 22 anni di \u00a0Tivoli scomparso da un camping a Sabaudia e ritrovato alcune ore dopo a Roma, ha tentato di sdrammatizzare con ironia. Le reazioni e i commenti di parenti e amici per la breve scomparsa del giovane sono sia divertite che arrabbiate. Il gesto del ragazzo ha tenuto in ansia i familiari mobilitando per le ricerche carabinieri, vigili del fuoco e protezione civile.<\/p>\n","protected":false},"excerpt":{"rendered":"<p>SABAUDIA-Ha promesso che non lo far\u00e0 pi\u00f9. &lt;Dovevo andare a comprare le sigarette ma il posto pi\u00f9 vicino era Nettuno&#8230;&gt;. Federico Spurio, \u00a0l&#8217;animatore turistico di 22 anni di \u00a0Tivoli scomparso da un camping a Sabaudia e ritrovato alcune ore dopo a Roma, ha tentato di sdrammatizzare con ironia. Le reazioni e i commenti di parenti [&hellip;]<\/p>\n","protected":false},"author":60,"featured_media":154489,"comment_status":"open","ping_status":"closed","sticky":false,"template":"","format":"standard","meta":{"footnotes":""},"categories":[7],"tags":[],"class_list":["post-154552","post","type-post","status-publish","format-standard","has-post-thumbnail","hentry","category-cronaca"],"_links":{"self":[{"href":"https:\/\/www.radioluna.it\/news\/wp-json\/wp\/v2\/posts\/154552","targetHints":{"allow":["GET"]}}],"collection":[{"href":"https:\/\/www.radioluna.it\/news\/wp-json\/wp\/v2\/posts"}],"about":[{"href":"https:\/\/www.radioluna.it\/news\/wp-json\/wp\/v2\/types\/post"}],"author":[{"embeddable":true,"href":"https:\/\/www.radioluna.it\/news\/wp-json\/wp\/v2\/users\/60"}],"replies":[{"embeddable":true,"href":"https:\/\/www.radioluna.it\/news\/wp-json\/wp\/v2\/comments?post=154552"}],"version-history":[{"count":0,"href":"https:\/\/www.radioluna.it\/news\/wp-json\/wp\/v2\/posts\/154552\/revisions"}],"wp:featuredmedia":[{"embeddable":true,"href":"https:\/\/www.radioluna.it\/news\/wp-json\/wp\/v2\/media\/154489"}],"wp:attachment":[{"href":"https:\/\/www.radioluna.it\/news\/wp-json\/wp\/v2\/media?parent=154552"}],"wp:term":[{"taxonomy":"category","embeddable":true,"href":"https:\/\/www.radioluna.it\/news\/wp-json\/wp\/v2\/categories?post=154552"},{"taxonomy":"post_tag","embeddable":true,"href":"https:\/\/www.radioluna.it\/news\/wp-json\/wp\/v2\/tags?post=154552"}],"curies":[{"name":"wp","href":"https:\/\/api.w.org\/{rel}","templated":true}]}}