{"id":154841,"date":"2014-09-05T18:23:28","date_gmt":"2014-09-05T16:23:28","guid":{"rendered":"http:\/\/www.radioluna.it\/news\/?p=154841"},"modified":"2014-09-05T19:10:27","modified_gmt":"2014-09-05T17:10:27","slug":"tasi-votati-gli-emendamenti-sugli-sgravi-proposti-dal-pd","status":"publish","type":"post","link":"https:\/\/www.radioluna.it\/news\/2014\/09\/tasi-votati-gli-emendamenti-sugli-sgravi-proposti-dal-pd\/","title":{"rendered":"Tasi, votati gli emendamenti sugli sgravi proposti dal Pd"},"content":{"rendered":"<div id=\"fb-root\"><\/div>\n<p style=\"text-align: justify;\"><img loading=\"lazy\" decoding=\"async\" class=\"alignleft wp-image-118822 size-thumbnail\" src=\"http:\/\/www.radioluna.it\/news\/wp-content\/uploads\/2012\/04\/ingresso-comune-150x150.jpg\" alt=\"ingresso-comune\" width=\"150\" height=\"150\" srcset=\"https:\/\/www.radioluna.it\/news\/wp-content\/uploads\/2012\/04\/ingresso-comune-150x150.jpg 150w, https:\/\/www.radioluna.it\/news\/wp-content\/uploads\/2012\/04\/ingresso-comune-300x300.jpg 300w, https:\/\/www.radioluna.it\/news\/wp-content\/uploads\/2012\/04\/ingresso-comune-50x50.jpg 50w, https:\/\/www.radioluna.it\/news\/wp-content\/uploads\/2012\/04\/ingresso-comune-80x80.jpg 80w\" sizes=\"auto, (max-width: 150px) 100vw, 150px\" \/>LATINA &#8211;\u00a0Accolti favorevolmente tutti gli emendamenti presentati dal Partito Democratico per attuare degli sgravi sulla TASI.\u00a0In sostanza i cambiamenti apportati dal Pd riguardano le detrazioni per le rendite catastali fino a 500,00 euro e\u00a0\u00a0ulteriori detrazioni per le famiglie con figli a carico con particolare attenzione per i ragazzi disabili.<\/p>\n<p style=\"text-align: justify;\">\u201cSe fossimo stati noi al governo di questa citt\u00e0 \u2013 afferma Giorgio De Marchis &#8211; certamente avremmo scritto un documento diverso ed \u00e8 per questo che il Pd ha comunque votato contro alla nuova TASI. Nonostante ci\u00f2 i nostri due emendamenti andranno ad aiutare le famiglie pi\u00f9 bisognose, con figli a carico o con figli con disabilit\u00e0. \u00c8 stato un lavoro di gruppo atto a salvaguardare le famiglie pi\u00f9 bisognose della nostra citt\u00e0\u201d. \u201cSiamo contenti del fatto che l\u2019amministrazione di questa citt\u00e0 si sia resa conto, almeno per una volta, del lavoro superficiale che avevano fatto \u2013 conclude il capogruppo Pd Cozzolino &#8211; Con queste due modifiche andiamo ad aiutare circa 2500 famiglie&#8221;. \u00a0&#8220;Abbiamo fatto una proposta che la maggioranza stessa ha ritenuto essere la migliore e la pi\u00f9 equa al punto di averla accolta &#8211; aggiunge Sarubbo &#8211; Nella limitazione delle risorse disponibili abbiamo tutelato famiglie, titolari di abitazioni a bassa rendita catastale e persone disabili&#8221;.<\/p>\n<p>&nbsp;<\/p>\n","protected":false},"excerpt":{"rendered":"<p>LATINA &#8211;\u00a0Accolti favorevolmente tutti gli emendamenti presentati dal Partito Democratico per attuare degli sgravi sulla TASI.\u00a0In sostanza i cambiamenti apportati dal Pd riguardano le detrazioni per le rendite catastali fino a 500,00 euro e\u00a0\u00a0ulteriori detrazioni per le famiglie con figli a carico con particolare attenzione per i ragazzi disabili. \u201cSe fossimo stati noi al governo [&hellip;]<\/p>\n","protected":false},"author":60,"featured_media":118822,"comment_status":"open","ping_status":"closed","sticky":false,"template":"","format":"standard","meta":{"footnotes":""},"categories":[7,8],"tags":[],"class_list":["post-154841","post","type-post","status-publish","format-standard","has-post-thumbnail","hentry","category-cronaca","category-politica"],"_links":{"self":[{"href":"https:\/\/www.radioluna.it\/news\/wp-json\/wp\/v2\/posts\/154841","targetHints":{"allow":["GET"]}}],"collection":[{"href":"https:\/\/www.radioluna.it\/news\/wp-json\/wp\/v2\/posts"}],"about":[{"href":"https:\/\/www.radioluna.it\/news\/wp-json\/wp\/v2\/types\/post"}],"author":[{"embeddable":true,"href":"https:\/\/www.radioluna.it\/news\/wp-json\/wp\/v2\/users\/60"}],"replies":[{"embeddable":true,"href":"https:\/\/www.radioluna.it\/news\/wp-json\/wp\/v2\/comments?post=154841"}],"version-history":[{"count":0,"href":"https:\/\/www.radioluna.it\/news\/wp-json\/wp\/v2\/posts\/154841\/revisions"}],"wp:featuredmedia":[{"embeddable":true,"href":"https:\/\/www.radioluna.it\/news\/wp-json\/wp\/v2\/media\/118822"}],"wp:attachment":[{"href":"https:\/\/www.radioluna.it\/news\/wp-json\/wp\/v2\/media?parent=154841"}],"wp:term":[{"taxonomy":"category","embeddable":true,"href":"https:\/\/www.radioluna.it\/news\/wp-json\/wp\/v2\/categories?post=154841"},{"taxonomy":"post_tag","embeddable":true,"href":"https:\/\/www.radioluna.it\/news\/wp-json\/wp\/v2\/tags?post=154841"}],"curies":[{"name":"wp","href":"https:\/\/api.w.org\/{rel}","templated":true}]}}