{"id":155494,"date":"2014-09-22T08:32:52","date_gmt":"2014-09-22T06:32:52","guid":{"rendered":"http:\/\/www.radioluna.it\/news\/?p=155494"},"modified":"2014-09-22T08:32:52","modified_gmt":"2014-09-22T06:32:52","slug":"vigilia-di-match-per-la-sfida-alladriatico-presenta-beretta","status":"publish","type":"post","link":"https:\/\/www.radioluna.it\/news\/2014\/09\/vigilia-di-match-per-la-sfida-alladriatico-presenta-beretta\/","title":{"rendered":"Vigilia di match per la sfida all&#8217;Adriatico, presenta Beretta"},"content":{"rendered":"<div id=\"fb-root\"><\/div>\n<p style=\"text-align: justify;\"><strong><img loading=\"lazy\" decoding=\"async\" class=\"aligncenter size-thumbnail wp-image-155480\" src=\"http:\/\/www.radioluna.it\/news\/wp-content\/uploads\/2014\/09\/latina-avellino-635x476.jpg\" alt=\"latina avellino\" width=\"635\" height=\"476\" srcset=\"https:\/\/www.radioluna.it\/news\/wp-content\/uploads\/2014\/09\/latina-avellino-635x476.jpg 635w, https:\/\/www.radioluna.it\/news\/wp-content\/uploads\/2014\/09\/latina-avellino-768x576.jpg 768w, https:\/\/www.radioluna.it\/news\/wp-content\/uploads\/2014\/09\/latina-avellino-500x375.jpg 500w, https:\/\/www.radioluna.it\/news\/wp-content\/uploads\/2014\/09\/latina-avellino-300x225.jpg 300w, https:\/\/www.radioluna.it\/news\/wp-content\/uploads\/2014\/09\/latina-avellino-1024x768.jpg 1024w, https:\/\/www.radioluna.it\/news\/wp-content\/uploads\/2014\/09\/latina-avellino-800x600.jpg 800w, https:\/\/www.radioluna.it\/news\/wp-content\/uploads\/2014\/09\/latina-avellino.jpg 1000w\" sizes=\"auto, (max-width: 635px) 100vw, 635px\" \/>LATINA<\/strong> &#8211; E\u2019 gi\u00e0 vigilia di match. Dopo la sconfitta di sabato contro l\u2019Avellino sul terreno del Francioni il tecnico del Latina Mario Beretta alle 13,15 presenter\u00e0 la sfida dell\u2019Adriatico, dove domani sera il Latina far\u00e0 visita al Pescara nella gara valida come quinta giornata (turno infrasettimanale). I nerazzurri hanno ripreso subito il lavoro in vista della sfida La conferenza del tecnico nerazzurro \u00e8 in programma nella sala stampa del Francioni. Amareggiato per il risultato, e dispiaciuto per i tifosi si \u00e8 detto il Presidente del Latina Calcio, Pasquale Maietta: &#8220;Da marted\u00ec saremo pronti a dimostrare il nostro valore &#8211; scrive su Facebook &#8211; \u00a0ma sopratutto vorremo dimostrare che vestire la maglia del Latina calcio vuol dire ferocia, cattiveria determinazione e soprattutto cuore&#8221;.<\/p>\n","protected":false},"excerpt":{"rendered":"<p>LATINA &#8211; E\u2019 gi\u00e0 vigilia di match. Dopo la sconfitta di sabato contro l\u2019Avellino sul terreno del Francioni il tecnico del Latina Mario Beretta alle 13,15 presenter\u00e0 la sfida dell\u2019Adriatico, dove domani sera il Latina far\u00e0 visita al Pescara nella gara valida come quinta giornata (turno infrasettimanale). I nerazzurri hanno ripreso subito il lavoro in [&hellip;]<\/p>\n","protected":false},"author":62,"featured_media":155480,"comment_status":"open","ping_status":"closed","sticky":false,"template":"","format":"standard","meta":{"footnotes":""},"categories":[17],"tags":[],"class_list":["post-155494","post","type-post","status-publish","format-standard","has-post-thumbnail","hentry","category-sport"],"_links":{"self":[{"href":"https:\/\/www.radioluna.it\/news\/wp-json\/wp\/v2\/posts\/155494","targetHints":{"allow":["GET"]}}],"collection":[{"href":"https:\/\/www.radioluna.it\/news\/wp-json\/wp\/v2\/posts"}],"about":[{"href":"https:\/\/www.radioluna.it\/news\/wp-json\/wp\/v2\/types\/post"}],"author":[{"embeddable":true,"href":"https:\/\/www.radioluna.it\/news\/wp-json\/wp\/v2\/users\/62"}],"replies":[{"embeddable":true,"href":"https:\/\/www.radioluna.it\/news\/wp-json\/wp\/v2\/comments?post=155494"}],"version-history":[{"count":0,"href":"https:\/\/www.radioluna.it\/news\/wp-json\/wp\/v2\/posts\/155494\/revisions"}],"wp:featuredmedia":[{"embeddable":true,"href":"https:\/\/www.radioluna.it\/news\/wp-json\/wp\/v2\/media\/155480"}],"wp:attachment":[{"href":"https:\/\/www.radioluna.it\/news\/wp-json\/wp\/v2\/media?parent=155494"}],"wp:term":[{"taxonomy":"category","embeddable":true,"href":"https:\/\/www.radioluna.it\/news\/wp-json\/wp\/v2\/categories?post=155494"},{"taxonomy":"post_tag","embeddable":true,"href":"https:\/\/www.radioluna.it\/news\/wp-json\/wp\/v2\/tags?post=155494"}],"curies":[{"name":"wp","href":"https:\/\/api.w.org\/{rel}","templated":true}]}}