{"id":156209,"date":"2014-10-05T17:55:30","date_gmt":"2014-10-05T15:55:30","guid":{"rendered":"http:\/\/www.radioluna.it\/news\/?p=156209"},"modified":"2014-10-06T12:18:36","modified_gmt":"2014-10-06T10:18:36","slug":"calcio-dopo-il-ko-a-trapani-beretta-e-in-bilico","status":"publish","type":"post","link":"https:\/\/www.radioluna.it\/news\/2014\/10\/calcio-dopo-il-ko-a-trapani-beretta-e-in-bilico\/","title":{"rendered":"Calcio, Breda ad un passo dal clamoroso ritorno"},"content":{"rendered":"<div id=\"fb-root\"><\/div>\n<p style=\"text-align: justify;\"><img loading=\"lazy\" decoding=\"async\" class=\"alignleft size-thumbnail wp-image-150501\" src=\"http:\/\/www.radioluna.it\/news\/wp-content\/uploads\/2014\/05\/breda-in-conferenza-stampa-ride-635x476.jpg\" alt=\"breda in conferenza stampa ride\" width=\"635\" height=\"476\" srcset=\"https:\/\/www.radioluna.it\/news\/wp-content\/uploads\/2014\/05\/breda-in-conferenza-stampa-ride-635x476.jpg 635w, https:\/\/www.radioluna.it\/news\/wp-content\/uploads\/2014\/05\/breda-in-conferenza-stampa-ride-768x576.jpg 768w, https:\/\/www.radioluna.it\/news\/wp-content\/uploads\/2014\/05\/breda-in-conferenza-stampa-ride-500x375.jpg 500w, https:\/\/www.radioluna.it\/news\/wp-content\/uploads\/2014\/05\/breda-in-conferenza-stampa-ride-300x225.jpg 300w, https:\/\/www.radioluna.it\/news\/wp-content\/uploads\/2014\/05\/breda-in-conferenza-stampa-ride-1024x768.jpg 1024w, https:\/\/www.radioluna.it\/news\/wp-content\/uploads\/2014\/05\/breda-in-conferenza-stampa-ride-800x600.jpg 800w, https:\/\/www.radioluna.it\/news\/wp-content\/uploads\/2014\/05\/breda-in-conferenza-stampa-ride.jpg 1000w\" sizes=\"auto, (max-width: 635px) 100vw, 635px\" \/><\/p>\n<p style=\"text-align: justify;\">LATINA- Clamoroso: Roberto Breda \u00e8 ad un passo dal ritornare nel Latina, Mario Beretta invece \u00e8 ad un passo dall&#8217;esonero. \u00a0La sconfitta del Trapani ha lasciato il segno, nelle prossime ore si conoscer\u00e0 il futuro del nuovo tecnico pontino. La societ\u00e0 nerazzurra \u00e8 rimasta delusa dai risultati della squadra che ha ottenuto una vittoria, due sconfitte e quattro pareggi. Breda che nella scorsa stagione era arrivato al terzo posto perdendo la serie A per un soffio non aveva accettato di restare in nerazzurro, \u00a0adesso \u00e8 vicinossimo ad un clamoroso ritorno.<\/p>\n","protected":false},"excerpt":{"rendered":"<p>LATINA- Clamoroso: Roberto Breda \u00e8 ad un passo dal ritornare nel Latina, Mario Beretta invece \u00e8 ad un passo dall&#8217;esonero. \u00a0La sconfitta del Trapani ha lasciato il segno, nelle prossime ore si conoscer\u00e0 il futuro del nuovo tecnico pontino. La societ\u00e0 nerazzurra \u00e8 rimasta delusa dai risultati della squadra che ha ottenuto una vittoria, due [&hellip;]<\/p>\n","protected":false},"author":60,"featured_media":152127,"comment_status":"open","ping_status":"closed","sticky":false,"template":"","format":"standard","meta":{"footnotes":""},"categories":[17],"tags":[],"class_list":["post-156209","post","type-post","status-publish","format-standard","has-post-thumbnail","hentry","category-sport"],"_links":{"self":[{"href":"https:\/\/www.radioluna.it\/news\/wp-json\/wp\/v2\/posts\/156209","targetHints":{"allow":["GET"]}}],"collection":[{"href":"https:\/\/www.radioluna.it\/news\/wp-json\/wp\/v2\/posts"}],"about":[{"href":"https:\/\/www.radioluna.it\/news\/wp-json\/wp\/v2\/types\/post"}],"author":[{"embeddable":true,"href":"https:\/\/www.radioluna.it\/news\/wp-json\/wp\/v2\/users\/60"}],"replies":[{"embeddable":true,"href":"https:\/\/www.radioluna.it\/news\/wp-json\/wp\/v2\/comments?post=156209"}],"version-history":[{"count":0,"href":"https:\/\/www.radioluna.it\/news\/wp-json\/wp\/v2\/posts\/156209\/revisions"}],"wp:featuredmedia":[{"embeddable":true,"href":"https:\/\/www.radioluna.it\/news\/wp-json\/wp\/v2\/media\/152127"}],"wp:attachment":[{"href":"https:\/\/www.radioluna.it\/news\/wp-json\/wp\/v2\/media?parent=156209"}],"wp:term":[{"taxonomy":"category","embeddable":true,"href":"https:\/\/www.radioluna.it\/news\/wp-json\/wp\/v2\/categories?post=156209"},{"taxonomy":"post_tag","embeddable":true,"href":"https:\/\/www.radioluna.it\/news\/wp-json\/wp\/v2\/tags?post=156209"}],"curies":[{"name":"wp","href":"https:\/\/api.w.org\/{rel}","templated":true}]}}