{"id":156237,"date":"2014-10-06T11:10:43","date_gmt":"2014-10-06T09:10:43","guid":{"rendered":"http:\/\/www.radioluna.it\/news\/?p=156237"},"modified":"2014-10-07T09:11:21","modified_gmt":"2014-10-07T07:11:21","slug":"flash-e-ufficiale-breda-torna-sulla-panchina-del-latina","status":"publish","type":"post","link":"https:\/\/www.radioluna.it\/news\/2014\/10\/flash-e-ufficiale-breda-torna-sulla-panchina-del-latina\/","title":{"rendered":"Calcio, Breda in conferenza stampa: &#8220;Voglio ricreare un&#8217;identit\u00e0&#8221;"},"content":{"rendered":"<div id=\"fb-root\"><\/div>\n<p style=\"text-align: justify;\"><strong><img loading=\"lazy\" decoding=\"async\" class=\"aligncenter size-thumbnail wp-image-156252\" src=\"http:\/\/www.radioluna.it\/news\/wp-content\/uploads\/2014\/10\/breda2-635x476.jpg\" alt=\"breda\" width=\"635\" height=\"476\" srcset=\"https:\/\/www.radioluna.it\/news\/wp-content\/uploads\/2014\/10\/breda2-635x476.jpg 635w, https:\/\/www.radioluna.it\/news\/wp-content\/uploads\/2014\/10\/breda2-768x576.jpg 768w, https:\/\/www.radioluna.it\/news\/wp-content\/uploads\/2014\/10\/breda2-500x375.jpg 500w, https:\/\/www.radioluna.it\/news\/wp-content\/uploads\/2014\/10\/breda2-300x225.jpg 300w, https:\/\/www.radioluna.it\/news\/wp-content\/uploads\/2014\/10\/breda2-1024x768.jpg 1024w, https:\/\/www.radioluna.it\/news\/wp-content\/uploads\/2014\/10\/breda2-800x600.jpg 800w, https:\/\/www.radioluna.it\/news\/wp-content\/uploads\/2014\/10\/breda2.jpg 1000w\" sizes=\"auto, (max-width: 635px) 100vw, 635px\" \/><\/strong><\/p>\n<p style=\"text-align: justify;\"><strong>LATINA<\/strong> &#8211; E&#8217; ufficiale, il nuovo allenatore del Latina \u00e8 Roberto Breda. &#8220;Il passato \u00e8 passato, adesso c&#8217;\u00e8 il futuro, torno a lavorare qui a Latina dove trovo un gruppo competitivo anche se diverso rispetto all&#8217;anno scorso. L&#8217;obiettivo \u00e8 quello di ricreare un&#8217;identit\u00e0 ma con il lavoro e i risultati e da parte mia c&#8217;\u00e8 una grande voglia di rivalsa&#8221;. Roberto Breda si \u00e8 ripresentato cos\u00ec questa mattina a Latina nella sala stampa del Francioni, l&#8217;allenatore trevigiano \u00e8 stato chiamato dalla societ\u00e0 per sostituire Mario Beretta, esonerato dopo la sconfitta con il Trapani.<\/p>\n<p style=\"text-align: justify;\">La risoluzione con Beretta \u00e8 stata consensuale.&#8221;Si \u00e8 dimostrato un grande professionista&#8221;, ha detto il presidente Pasquale Maietta. &#8220;Breda? I grandi amori fanno dei giri immensi e poi ritornano&#8221;, ha aggiunto Maietta riferendosi a Breda. &#8220;Quella di esonerare Beretta \u00e8 stata una decisione drastica e sofferta&#8221;, ha aggiunto il direttore generale Fabrizio Colletti. Roberto Breda che aveva portato nella scorsa stagione il Latina ad un soffio dalla serie A \u00e8 sembrato molto motivato. &#8220;Il 18 giugno quando abbiamo perso contro il Cesena \u00e8 stato un punto di non ritorno, ho una grande voglia di rivalsa, la stessa voglia che hanno i giocatori dell&#8217;anno scorso e anche gli altri che erano a Siena, questo potrebbe essere il punto di unione ma c&#8217;\u00e8 un campionato da fare e ci sar\u00e0 da lavorare&#8221;.<\/p>\n<p style=\"text-align: justify;\">La societ\u00e0 e il tecnico Mario Beretta, nella serata di ieri, si sono incontrati decidendo per l&#8217;interruzione bilaterale del rapporto di lavoro &#8220;nonostante &#8211; si legge in una nota &#8211; \u00a0la reciproca stima&#8221;.<\/p>\n<p style=\"text-align: justify;\">Dopo l\u2019ufficializzazione del cambio di panchina nel Latina Calcio con il ritorno di Roberto Breda, il sindaco Giovanni Di Giorgi ha voluto dedicare un saluto di buon auspicio al nuovo allenatore:<\/p>\n<p style=\"text-align: justify;\">\u201cQuello di Mister Breda \u00e8 un ritorno a casa dopo la bellissima stagione dello scorso anno arrivata fino ad un passo dalla serie A. Al tecnico del Latina rivolgo un grande in bocca al lupo e un buon lavoro per l\u2019intenso impegno che lo attende alla guida della squadra.\u00a0L\u2019auspicio mio e di tutti gli sportivi di Latina \u00e8 che con Mister Breda la squadra nerazzurra possa ripetere gli entusiasmanti risultati della scorsa stagione, ripartendo da un calcio umile con un basso profilo.\u00a0Dispiace per Mario Beretta, tecnico di grandi capacit\u00e0 e professionalit\u00e0 che purtroppo non ha avuto modo, a Latina, di esprimere tutte le sue qualit\u00e0. A lui va il mio saluto.\u201d<\/p>\n","protected":false},"excerpt":{"rendered":"<p>LATINA &#8211; E&#8217; ufficiale, il nuovo allenatore del Latina \u00e8 Roberto Breda. &#8220;Il passato \u00e8 passato, adesso c&#8217;\u00e8 il futuro, torno a lavorare qui a Latina dove trovo un gruppo competitivo anche se diverso rispetto all&#8217;anno scorso. L&#8217;obiettivo \u00e8 quello di ricreare un&#8217;identit\u00e0 ma con il lavoro e i risultati e da parte mia c&#8217;\u00e8 [&hellip;]<\/p>\n","protected":false},"author":60,"featured_media":156252,"comment_status":"open","ping_status":"closed","sticky":false,"template":"","format":"standard","meta":{"footnotes":""},"categories":[17],"tags":[],"class_list":["post-156237","post","type-post","status-publish","format-standard","has-post-thumbnail","hentry","category-sport"],"_links":{"self":[{"href":"https:\/\/www.radioluna.it\/news\/wp-json\/wp\/v2\/posts\/156237","targetHints":{"allow":["GET"]}}],"collection":[{"href":"https:\/\/www.radioluna.it\/news\/wp-json\/wp\/v2\/posts"}],"about":[{"href":"https:\/\/www.radioluna.it\/news\/wp-json\/wp\/v2\/types\/post"}],"author":[{"embeddable":true,"href":"https:\/\/www.radioluna.it\/news\/wp-json\/wp\/v2\/users\/60"}],"replies":[{"embeddable":true,"href":"https:\/\/www.radioluna.it\/news\/wp-json\/wp\/v2\/comments?post=156237"}],"version-history":[{"count":0,"href":"https:\/\/www.radioluna.it\/news\/wp-json\/wp\/v2\/posts\/156237\/revisions"}],"wp:featuredmedia":[{"embeddable":true,"href":"https:\/\/www.radioluna.it\/news\/wp-json\/wp\/v2\/media\/156252"}],"wp:attachment":[{"href":"https:\/\/www.radioluna.it\/news\/wp-json\/wp\/v2\/media?parent=156237"}],"wp:term":[{"taxonomy":"category","embeddable":true,"href":"https:\/\/www.radioluna.it\/news\/wp-json\/wp\/v2\/categories?post=156237"},{"taxonomy":"post_tag","embeddable":true,"href":"https:\/\/www.radioluna.it\/news\/wp-json\/wp\/v2\/tags?post=156237"}],"curies":[{"name":"wp","href":"https:\/\/api.w.org\/{rel}","templated":true}]}}