{"id":156277,"date":"2014-10-07T14:25:19","date_gmt":"2014-10-07T12:25:19","guid":{"rendered":"http:\/\/www.radioluna.it\/news\/?p=156277"},"modified":"2014-10-07T20:32:40","modified_gmt":"2014-10-07T18:32:40","slug":"economia-in-lutto-il-grido-delle-imprese-per-rompere-il-silenzio","status":"publish","type":"post","link":"https:\/\/www.radioluna.it\/news\/2014\/10\/economia-in-lutto-il-grido-delle-imprese-per-rompere-il-silenzio\/","title":{"rendered":"Economia in lutto, il grido delle imprese per rompere il silenzio"},"content":{"rendered":"<div id=\"fb-root\"><\/div>\n<div id=\"attachment_156278\" style=\"width: 645px\" class=\"wp-caption aligncenter\"><img loading=\"lazy\" decoding=\"async\" aria-describedby=\"caption-attachment-156278\" class=\"size-thumbnail wp-image-156278\" src=\"http:\/\/www.radioluna.it\/news\/wp-content\/uploads\/2014\/10\/federlazio-635x357.jpg\" alt=\"L'aula Duilio Cambellotti dove si \u00e8 svolto l'evento\" width=\"635\" height=\"357\" srcset=\"https:\/\/www.radioluna.it\/news\/wp-content\/uploads\/2014\/10\/federlazio-635x357.jpg 635w, https:\/\/www.radioluna.it\/news\/wp-content\/uploads\/2014\/10\/federlazio-300x169.jpg 300w, https:\/\/www.radioluna.it\/news\/wp-content\/uploads\/2014\/10\/federlazio-768x432.jpg 768w, https:\/\/www.radioluna.it\/news\/wp-content\/uploads\/2014\/10\/federlazio-500x281.jpg 500w, https:\/\/www.radioluna.it\/news\/wp-content\/uploads\/2014\/10\/federlazio-1024x576.jpg 1024w, https:\/\/www.radioluna.it\/news\/wp-content\/uploads\/2014\/10\/federlazio-800x450.jpg 800w, https:\/\/www.radioluna.it\/news\/wp-content\/uploads\/2014\/10\/federlazio.jpg 1000w\" sizes=\"auto, (max-width: 635px) 100vw, 635px\" \/><p id=\"caption-attachment-156278\" class=\"wp-caption-text\">L&#8217;aula Duilio Cambellotti dove si \u00e8 svolto l&#8217;evento<\/p><\/div>\n<p align=\"JUSTIFY\">LATINA &#8211; \u00a0Vogliono andare dal presidente del Consiglio Matteo Renzi a raccontare in che situazione si trovano le imprese pontine, portare i dati, \u00a0spiegare che un&#8217;economia florida fino a poco fa \u00e8 lanciata in una corsa inarrestabile verso il baratro e che tutto questo avviene nel silenzio generale. Intanto si sono riuniti, nell&#8217;Aula Cambellotti, chiamando a \u00a0raccolta sindaci e sindacati, imprenditori e politici per un confronto aperto, quantomai urgente per scegliere da dove ripartire. Si \u00e8 svolto questa mattina l&#8217;incontro promosso da Federlazio Latina che ha scelto il tema del lutto per rappresentare lo stato d&#8217;animo generale delle Pmi del territorio e la loro situazione reale.<\/p>\n<p align=\"JUSTIFY\">&#8220;Vi sarete accorti che il titolo che abbiamo voluto dare all\u2019incontro di oggi suona come una epigrafe, una pagina listata a lutto con una scritta che poco spazio lascia all&#8217;immaginazione. Oggi vogliamo far parlare l\u2019economia reale (consiglio Direttivo schierato) perch\u00e9 la situazione nella quale si trovano, in particolare, le piccole e medie imprese della nostra provincia \u00e8 cos\u00ec disastrosa che ormai parole, dati, dissertazioni pi\u00f9 o meno scientifiche, patti sottoscritti sono superati&#8221;, ha esordito il direttore Saverio Motolese sottolineando che oggi sono gli imprenditori a chiamare la piazza. &#8220;Approfittando del quadro che emerge dalla nostra indagine congiunturale relativa al primo semestre 2014 intendiamo denunciare la drammaticit\u00e0 di questo momento ben rappresentato dall\u2019immagine del \u201clutto\u201d. Ma ancor di pi\u00f9 ci preoccupa il silenzio intorno a noi che si fa sentire assordante come una morsa dolorosa che stringe sempre di pi\u00f9 l\u2019intero mondo economico. Un silenzio che significa anche una mancanza di reazione, un\u2019incapacit\u00e0 di gestire e di comprendere la vera e unica EMERGENZA di questa provincia: imprese e lavoratori&#8221;, ha proseguito Motolese illustrando poi un documento di 10 pagine, quattro scritte, con le criticit\u00e0. e soprattutto quattro ancora da scrivere.<\/p>\n<p align=\"JUSTIFY\">I DATI &#8211; Ha illustrato i dati congiunturali la Presidente Antonella Zonetti: &#8220;In merito ai dati di Latina, possiamo notare che nel 2014 tutti i parametri sono peggiorati rispetto a quelli del 2013. Le iscrizioni sono sempre meno (116 rispetto alle 154 dello scorso anno), salgono solo le cessazioni perch\u00e9 come ci raccontano quotidianamente anche i giornali chiudono tantissime attivit\u00e0 e fabbriche. Conseguentemente il tasso di sviluppo delle imprese industriali nel 2014 \u00e8 in peggioramento rispetto all\u2019anno precedente, addirittura, di quasi un punto percentuale (si passa dal &#8211; 0,4% del 2013 al -1,3% del 2014&#8221;.<\/p>\n<p align=\"JUSTIFY\">\n","protected":false},"excerpt":{"rendered":"<p>LATINA &#8211; \u00a0Vogliono andare dal presidente del Consiglio Matteo Renzi a raccontare in che situazione si trovano le imprese pontine, portare i dati, \u00a0spiegare che un&#8217;economia florida fino a poco fa \u00e8 lanciata in una corsa inarrestabile verso il baratro e che tutto questo avviene nel silenzio generale. Intanto si sono riuniti, nell&#8217;Aula Cambellotti, chiamando [&hellip;]<\/p>\n","protected":false},"author":62,"featured_media":156278,"comment_status":"open","ping_status":"closed","sticky":false,"template":"","format":"standard","meta":{"footnotes":""},"categories":[11],"tags":[],"class_list":["post-156277","post","type-post","status-publish","format-standard","has-post-thumbnail","hentry","category-economia"],"_links":{"self":[{"href":"https:\/\/www.radioluna.it\/news\/wp-json\/wp\/v2\/posts\/156277","targetHints":{"allow":["GET"]}}],"collection":[{"href":"https:\/\/www.radioluna.it\/news\/wp-json\/wp\/v2\/posts"}],"about":[{"href":"https:\/\/www.radioluna.it\/news\/wp-json\/wp\/v2\/types\/post"}],"author":[{"embeddable":true,"href":"https:\/\/www.radioluna.it\/news\/wp-json\/wp\/v2\/users\/62"}],"replies":[{"embeddable":true,"href":"https:\/\/www.radioluna.it\/news\/wp-json\/wp\/v2\/comments?post=156277"}],"version-history":[{"count":0,"href":"https:\/\/www.radioluna.it\/news\/wp-json\/wp\/v2\/posts\/156277\/revisions"}],"wp:featuredmedia":[{"embeddable":true,"href":"https:\/\/www.radioluna.it\/news\/wp-json\/wp\/v2\/media\/156278"}],"wp:attachment":[{"href":"https:\/\/www.radioluna.it\/news\/wp-json\/wp\/v2\/media?parent=156277"}],"wp:term":[{"taxonomy":"category","embeddable":true,"href":"https:\/\/www.radioluna.it\/news\/wp-json\/wp\/v2\/categories?post=156277"},{"taxonomy":"post_tag","embeddable":true,"href":"https:\/\/www.radioluna.it\/news\/wp-json\/wp\/v2\/tags?post=156277"}],"curies":[{"name":"wp","href":"https:\/\/api.w.org\/{rel}","templated":true}]}}