{"id":156279,"date":"2014-10-07T14:07:38","date_gmt":"2014-10-07T12:07:38","guid":{"rendered":"http:\/\/www.radioluna.it\/news\/?p=156279"},"modified":"2014-10-08T11:26:03","modified_gmt":"2014-10-08T09:26:03","slug":"buona-amministrazione-diocesi-e-acli-insieme-per-un-corso-di-formazione","status":"publish","type":"post","link":"https:\/\/www.radioluna.it\/news\/2014\/10\/buona-amministrazione-diocesi-e-acli-insieme-per-un-corso-di-formazione\/","title":{"rendered":"Buona amministrazione, Diocesi e Acli insieme per un corso di formazione"},"content":{"rendered":"<div id=\"fb-root\"><\/div>\n<div id=\"attachment_79646\" style=\"width: 310px\" class=\"wp-caption alignleft\"><img loading=\"lazy\" decoding=\"async\" aria-describedby=\"caption-attachment-79646\" class=\"wp-image-79646 size-medium\" src=\"http:\/\/www.radioluna.it\/news\/wp-content\/uploads\/2011\/02\/curia_latina-300x111.jpg\" alt=\"La curia vescovile di Latina\" width=\"300\" height=\"111\" srcset=\"https:\/\/www.radioluna.it\/news\/wp-content\/uploads\/2011\/02\/curia_latina-300x111.jpg 300w, https:\/\/www.radioluna.it\/news\/wp-content\/uploads\/2011\/02\/curia_latina.jpg 485w\" sizes=\"auto, (max-width: 300px) 100vw, 300px\" \/><p id=\"caption-attachment-79646\" class=\"wp-caption-text\">La curia vescovile di Latina<\/p><\/div>\n<p align=\"JUSTIFY\"><span style=\"font-family: 'Times New Roman', serif; font-size: large;\"><strong>LATINA<\/strong> &#8211;\u00a0<\/span>L\u2019Ufficio diocesano per la pastorale della formazione sociopolitica della Diocesi di Latina-Terracina-Sezze-Priverno e le ACLI provinciali di Latina propongono un itinerario di formazione per tutti coloro che sul territorio sono impegnati nelle Amministrazioni pubbliche e private. Si tratta di un ciclo di quattro seminari sul tema: \u00abLa dottrina sociale della Chiesa: ispirazione per una buona amministrazione\u00bb.<\/p>\n<p style=\"text-align: justify;\">Welfare, Territorio, Benessere ed Istituzioni, le aree scelte: per ciascun appuntamento \u00e8 previsto l\u2019intervento di due relatori, uno proveniente dal mondo accademico e l\u2019altro dal mondo dell\u2019amministrazione, a cui far\u00e0 seguito il dibattito aperto dei partecipanti.<\/p>\n<p style=\"text-align: justify;\">I seminari sono riconosciuti dall&#8217;Ordine degli Avvocati di Latina, che ha riconosciuto tre crediti ad ogni incontro.<\/p>\n<p>\u00abIl bene comune impegna tutti i membri della societ\u00e0; nessuno \u00e8 esentato dal collaborare, a seconda delle proprie capacit\u00e0, al suo raggiungimento e al suo sviluppo\u00bb: queste parole del Compendio della Dottrina sociale della Chiesa sono alla base dell\u2019impegno sociale del credente, afferma Costantino Mustacchio, Responsabile dell\u2019Ufficio diocesano per la pastorale della formazione sociopolitica. \u00c8 in quest\u2019ottica che si inquadrano gli incontri programmati, che intendono anche promuovere una collaborazione sempre pi\u00f9 proficua tra l\u2019Ufficio diocesano e le realt\u00e0 associative presenti sul territorio.<\/p>\n<p>Per il Presidente provinciale delle ACLI Maurizio Scarsella i seminari rappresentano un\u2019occasione libera di riflessione e confronto alla luce della Dottrina sociale della Chiesa, prefiggendosi l\u2019obiettivo di ispirare anche sul nostro territorio un modus operandi proteso al bene della comunit\u00e0 nel segno della solidariet\u00e0 e della giustizia. Del resto, precisa il Direttore provinciale delle ACLI Nicola Tavoletta, l\u2019integrazione sociale \u00e8 divenuta una costante nella programmazione associativa degli ultimi anni. L\u2019auspicio \u00e8 che al confronto partecipino tutti coloro che in varia misura sono interpellati dal tema della buona amministrazione nell\u2019ottica del bene comune: dagli artigiani ai liberi professionisti, dagli imprenditori ai funzionari pubblici e privati. Ha portato l\u2019esempio della \u201cnovit\u00e0 Tasi\u201d, che \u00e8 stata calata sulle Comunit\u00e0 locali e le loro Amministrazioni senza una diffusa informazione, soprattutto per gli anziani.<\/p>\n<p>Tutti i seminari prevedono inoltre la partecipazione del Vescovo monsignor Mariano Crociata, del Presidente provinciale delle ACLI Maurizio Scarsella e del Sindaco di Latina Giovanni Di Giorgi.<\/p>\n<p style=\"text-align: justify;\">L\u2019iscrizione, libera e gratuita, pu\u00f2 essere effettuata ai seguenti recapiti:<\/p>\n<p style=\"text-align: justify;\">ACLI provinciali di Latina: via Adua 34, 04100 Latina; 0773484649 fax 0773359649<br \/>\nUfficio diocesano per la pastorale della formazione sociopolitica: Curia Vescovile, via Sezze 16, Latina; 0773.4068200; pastorale@diocesi.latina.it.<\/p>\n<p style=\"text-align: justify;\">GLI INCONTRI \u00a0&#8211; Il primo incontro, che si svolger\u00e0 venerd\u00ec 10 ottobre alle ore 17 presso la sala conferenze del Museo \u00abDuilio Cambellotti\u00bb di Latina, avr\u00e0 per tema: \u00abLa sovranit\u00e0 popolare al servizio della democrazia e della giustizia\u00bb e si occuper\u00e0 di Welfare, Lavoro, Economia e Costituzione.<\/p>\n<p style=\"text-align: justify;\">Interverranno come relatori il nuovo consigliere del Consiglio Superiore della Magistratura Renato Balduzzi, Professore di diritto Costituzionale all\u2019Universit\u00e0 Cattolica del Sacro Cuore e gi\u00e0 Ministro della Salute, e Publio Fiori, Professore di Diritto Parlamentare alla Lumsa e gi\u00e0 Ministro dei Trasporti, Sottosegretario alle Poste e alla Sanit\u00e0 e Vice-Presidente della Camera dei Deputati.<\/p>\n<p style=\"text-align: justify;\">I successivi tre incontri, che si svolgeranno nell\u2019ordine il 28 novembre 2014, il 16 gennaio e il 13 marzo 2015, ospiteranno invece gli interventi di Luigi Fusco Girard, Andrea Olivero, Sandro Bartolomeo, Beatrice Lorenzin e Stefano Zamagni.<\/p>\n<p style=\"text-align: justify;\">L\u2019Amministrazione Comunale di Latina ha patrocinato l\u2019iniziativa e, tramite l\u2019Assessore ai Servizi Sociali Agostino Mastrogiacomo, ha espresso l\u2019attenzione ad un percorso dove rigore, sensibilit\u00e0 e legalit\u00e0 marcino insieme, evitando la burocratizzazione.<\/p>\n","protected":false},"excerpt":{"rendered":"<p>LATINA &#8211;\u00a0L\u2019Ufficio diocesano per la pastorale della formazione sociopolitica della Diocesi di Latina-Terracina-Sezze-Priverno e le ACLI provinciali di Latina propongono un itinerario di formazione per tutti coloro che sul territorio sono impegnati nelle Amministrazioni pubbliche e private. Si tratta di un ciclo di quattro seminari sul tema: \u00abLa dottrina sociale della Chiesa: ispirazione per una [&hellip;]<\/p>\n","protected":false},"author":60,"featured_media":79646,"comment_status":"open","ping_status":"closed","sticky":false,"template":"","format":"standard","meta":{"footnotes":""},"categories":[16,11],"tags":[],"class_list":["post-156279","post","type-post","status-publish","format-standard","has-post-thumbnail","hentry","category-appuntamenti","category-economia"],"_links":{"self":[{"href":"https:\/\/www.radioluna.it\/news\/wp-json\/wp\/v2\/posts\/156279","targetHints":{"allow":["GET"]}}],"collection":[{"href":"https:\/\/www.radioluna.it\/news\/wp-json\/wp\/v2\/posts"}],"about":[{"href":"https:\/\/www.radioluna.it\/news\/wp-json\/wp\/v2\/types\/post"}],"author":[{"embeddable":true,"href":"https:\/\/www.radioluna.it\/news\/wp-json\/wp\/v2\/users\/60"}],"replies":[{"embeddable":true,"href":"https:\/\/www.radioluna.it\/news\/wp-json\/wp\/v2\/comments?post=156279"}],"version-history":[{"count":0,"href":"https:\/\/www.radioluna.it\/news\/wp-json\/wp\/v2\/posts\/156279\/revisions"}],"wp:featuredmedia":[{"embeddable":true,"href":"https:\/\/www.radioluna.it\/news\/wp-json\/wp\/v2\/media\/79646"}],"wp:attachment":[{"href":"https:\/\/www.radioluna.it\/news\/wp-json\/wp\/v2\/media?parent=156279"}],"wp:term":[{"taxonomy":"category","embeddable":true,"href":"https:\/\/www.radioluna.it\/news\/wp-json\/wp\/v2\/categories?post=156279"},{"taxonomy":"post_tag","embeddable":true,"href":"https:\/\/www.radioluna.it\/news\/wp-json\/wp\/v2\/tags?post=156279"}],"curies":[{"name":"wp","href":"https:\/\/api.w.org\/{rel}","templated":true}]}}