{"id":156286,"date":"2014-10-07T18:28:04","date_gmt":"2014-10-07T16:28:04","guid":{"rendered":"http:\/\/www.radioluna.it\/news\/?p=156286"},"modified":"2014-10-07T18:28:04","modified_gmt":"2014-10-07T16:28:04","slug":"a-sermoneta-il-coro-degli-alpini-di-latina-e-il-coro-orpharion-di-san-pietroburgo","status":"publish","type":"post","link":"https:\/\/www.radioluna.it\/news\/2014\/10\/a-sermoneta-il-coro-degli-alpini-di-latina-e-il-coro-orpharion-di-san-pietroburgo\/","title":{"rendered":"A Sermoneta il Coro degli Alpini di Latina e il Coro Orpharion di San Pietroburgo"},"content":{"rendered":"<div id=\"fb-root\"><\/div>\n<p style=\"text-align: justify;\"><img loading=\"lazy\" decoding=\"async\" class=\"aligncenter size-thumbnail wp-image-156287\" src=\"http:\/\/www.radioluna.it\/news\/wp-content\/uploads\/2014\/10\/alpini-635x522.jpg\" alt=\"alpini\" width=\"635\" height=\"522\" srcset=\"https:\/\/www.radioluna.it\/news\/wp-content\/uploads\/2014\/10\/alpini-635x522.jpg 635w, https:\/\/www.radioluna.it\/news\/wp-content\/uploads\/2014\/10\/alpini-300x247.jpg 300w, https:\/\/www.radioluna.it\/news\/wp-content\/uploads\/2014\/10\/alpini-768x632.jpg 768w, https:\/\/www.radioluna.it\/news\/wp-content\/uploads\/2014\/10\/alpini-500x411.jpg 500w, https:\/\/www.radioluna.it\/news\/wp-content\/uploads\/2014\/10\/alpini-1024x842.jpg 1024w, https:\/\/www.radioluna.it\/news\/wp-content\/uploads\/2014\/10\/alpini-800x658.jpg 800w, https:\/\/www.radioluna.it\/news\/wp-content\/uploads\/2014\/10\/alpini.jpg 1000w\" sizes=\"auto, (max-width: 635px) 100vw, 635px\" \/>SERMONETA &#8211; La \u00a019\u00aa Rassegna &#8220;Canti della Montagna&#8221; Festival Corale Internazionale quest&#8217;anno \u00e8 in programma anche nel borgo medievale di Sermoneta. L\u2019appuntamento \u00e8 per venerd\u00ec 10 ottobre alle ore 20.45 presso la Loggia dei Mercanti.<\/p>\n<p style=\"text-align: justify;\">La rassegna \u00e8 gi\u00e0 tradizione a Latina e si \u00e8 inserita, con successo di critica e di pubblico, nei programmi corali internazionali. Quest\u2019anno la manifestazione vedr\u00e0 un preludio nella magia del borgo medievale di Sermoneta. Prenderanno parte il Coro degli Alpini ANA di Latina e il Coro Orpharion di San Pietroburgo. Dopo l\u2019appuntamento di Sermoneta, sabato 11 ottobre la manifestazione si sposta a Latina con la Messa Solenne presso la Cattedrale di Latina, animata dai cori ospiti\u00a0 e dal coro Ana e, a seguire, concerto di Beneficenza presso il teatro D\u2019Annunzio a Latina dove il coro Ana aprir\u00e0 la serata e poi lascer\u00e0 il palcoscenico agli amici dei cori Orpharion di San Pietroburgo,\u00a0 Cima Tosa di Fiav\u00e8 (TN) e \u201cLa Cordata\u201d di Montalto Marche (AP). \u201cSiamo orgogliosi di dare il benvenuto a due cori cos\u00ec prestigiosi \u2013 spiega il Sindaco di Sermoneta Claudio Damiano \u2013 che lanceranno dal nostro centro storico diventato \u201ccitt\u00e0 della musica\u201d grazie al prestigioso Festival Internazionale di musica, un messaggio di pace e di fratellanza\u201d.<\/p>\n","protected":false},"excerpt":{"rendered":"<p>SERMONETA &#8211; La \u00a019\u00aa Rassegna &#8220;Canti della Montagna&#8221; Festival Corale Internazionale quest&#8217;anno \u00e8 in programma anche nel borgo medievale di Sermoneta. L\u2019appuntamento \u00e8 per venerd\u00ec 10 ottobre alle ore 20.45 presso la Loggia dei Mercanti. La rassegna \u00e8 gi\u00e0 tradizione a Latina e si \u00e8 inserita, con successo di critica e di pubblico, nei programmi [&hellip;]<\/p>\n","protected":false},"author":60,"featured_media":156287,"comment_status":"open","ping_status":"closed","sticky":false,"template":"","format":"standard","meta":{"footnotes":""},"categories":[16,15],"tags":[],"class_list":["post-156286","post","type-post","status-publish","format-standard","has-post-thumbnail","hentry","category-appuntamenti","category-cultura"],"_links":{"self":[{"href":"https:\/\/www.radioluna.it\/news\/wp-json\/wp\/v2\/posts\/156286","targetHints":{"allow":["GET"]}}],"collection":[{"href":"https:\/\/www.radioluna.it\/news\/wp-json\/wp\/v2\/posts"}],"about":[{"href":"https:\/\/www.radioluna.it\/news\/wp-json\/wp\/v2\/types\/post"}],"author":[{"embeddable":true,"href":"https:\/\/www.radioluna.it\/news\/wp-json\/wp\/v2\/users\/60"}],"replies":[{"embeddable":true,"href":"https:\/\/www.radioluna.it\/news\/wp-json\/wp\/v2\/comments?post=156286"}],"version-history":[{"count":0,"href":"https:\/\/www.radioluna.it\/news\/wp-json\/wp\/v2\/posts\/156286\/revisions"}],"wp:featuredmedia":[{"embeddable":true,"href":"https:\/\/www.radioluna.it\/news\/wp-json\/wp\/v2\/media\/156287"}],"wp:attachment":[{"href":"https:\/\/www.radioluna.it\/news\/wp-json\/wp\/v2\/media?parent=156286"}],"wp:term":[{"taxonomy":"category","embeddable":true,"href":"https:\/\/www.radioluna.it\/news\/wp-json\/wp\/v2\/categories?post=156286"},{"taxonomy":"post_tag","embeddable":true,"href":"https:\/\/www.radioluna.it\/news\/wp-json\/wp\/v2\/tags?post=156286"}],"curies":[{"name":"wp","href":"https:\/\/api.w.org\/{rel}","templated":true}]}}