{"id":156331,"date":"2014-10-08T18:45:47","date_gmt":"2014-10-08T16:45:47","guid":{"rendered":"http:\/\/www.radioluna.it\/news\/?p=156331"},"modified":"2014-10-08T18:46:23","modified_gmt":"2014-10-08T16:46:23","slug":"latina-bologna-la-prima-volta-con-una-pluriscudettata","status":"publish","type":"post","link":"https:\/\/www.radioluna.it\/news\/2014\/10\/latina-bologna-la-prima-volta-con-una-pluriscudettata\/","title":{"rendered":"Latina-Bologna, la prima volta con una pluriscudettata"},"content":{"rendered":"<div id=\"fb-root\"><\/div>\n<div style=\"text-align: justify;\"><img loading=\"lazy\" decoding=\"async\" class=\"alignleft wp-image-89915 size-thumbnail\" src=\"http:\/\/www.radioluna.it\/news\/wp-content\/uploads\/2011\/04\/calcio-150x150.jpg\" alt=\"calcio\" width=\"150\" height=\"150\" srcset=\"https:\/\/www.radioluna.it\/news\/wp-content\/uploads\/2011\/04\/calcio-150x150.jpg 150w, https:\/\/www.radioluna.it\/news\/wp-content\/uploads\/2011\/04\/calcio-300x300.jpg 300w, https:\/\/www.radioluna.it\/news\/wp-content\/uploads\/2011\/04\/calcio-80x80.jpg 80w, https:\/\/www.radioluna.it\/news\/wp-content\/uploads\/2011\/04\/calcio-70x70.jpg 70w, https:\/\/www.radioluna.it\/news\/wp-content\/uploads\/2011\/04\/calcio-115x115.jpg 115w, https:\/\/www.radioluna.it\/news\/wp-content\/uploads\/2011\/04\/calcio-220x220.jpg 220w\" sizes=\"auto, (max-width: 150px) 100vw, 150px\" \/>LATINA- Cresce l&#8217;attesa per la sfida di domenica al Francioni tra il Latina e una tra le squadre pi\u00f9 nobili del calcio italiano, il Bologna. In casa nerazzurra c&#8217;\u00e8 grande entusiasmo per il ritorno in panchina di Roberto Breda, richiamato dopo l&#8217;esonero di Mario Beretta. L&#8217;allenatore nerazzurro \u00e8 stato accolto nel migliore dei modi ed \u00e8 motivato pi\u00f9 che mai, il Latina che \u00e8 alla ricerca di una vittoria di campionato che manca dallo scorso 6 settembre dovr\u00e0 fare a meno in porta di Di Gennaro, espulso sabato scorso a Trapani, al Francioni \u00e8 prevista una grande cornice di pubblico per il ritorno di Breda e sono previsti almeno 5mila spettatori. \u00a0E&#8217; la prima volta che i nerazzurri affrontano i felsinesi e anche una squadra pluriscudettata come il Bologna che nella sua storia ha \u00a0vinto sette campionati, l&#8217;ultimo 50 anni fa dopo uno spareggio all&#8217;Olimpico con l&#8217;Inter di Herrera. &#8220;Il Bologna \u00e8 uno squadrone che tremare il mondo fa&#8221;, recitava un vecchio proverbio di quegli anni.<\/div>\n","protected":false},"excerpt":{"rendered":"<p>LATINA- Cresce l&#8217;attesa per la sfida di domenica al Francioni tra il Latina e una tra le squadre pi\u00f9 nobili del calcio italiano, il Bologna. In casa nerazzurra c&#8217;\u00e8 grande entusiasmo per il ritorno in panchina di Roberto Breda, richiamato dopo l&#8217;esonero di Mario Beretta. L&#8217;allenatore nerazzurro \u00e8 stato accolto nel migliore dei modi ed [&hellip;]<\/p>\n","protected":false},"author":60,"featured_media":89915,"comment_status":"open","ping_status":"closed","sticky":false,"template":"","format":"standard","meta":{"footnotes":""},"categories":[17],"tags":[],"class_list":["post-156331","post","type-post","status-publish","format-standard","has-post-thumbnail","hentry","category-sport"],"_links":{"self":[{"href":"https:\/\/www.radioluna.it\/news\/wp-json\/wp\/v2\/posts\/156331","targetHints":{"allow":["GET"]}}],"collection":[{"href":"https:\/\/www.radioluna.it\/news\/wp-json\/wp\/v2\/posts"}],"about":[{"href":"https:\/\/www.radioluna.it\/news\/wp-json\/wp\/v2\/types\/post"}],"author":[{"embeddable":true,"href":"https:\/\/www.radioluna.it\/news\/wp-json\/wp\/v2\/users\/60"}],"replies":[{"embeddable":true,"href":"https:\/\/www.radioluna.it\/news\/wp-json\/wp\/v2\/comments?post=156331"}],"version-history":[{"count":0,"href":"https:\/\/www.radioluna.it\/news\/wp-json\/wp\/v2\/posts\/156331\/revisions"}],"wp:featuredmedia":[{"embeddable":true,"href":"https:\/\/www.radioluna.it\/news\/wp-json\/wp\/v2\/media\/89915"}],"wp:attachment":[{"href":"https:\/\/www.radioluna.it\/news\/wp-json\/wp\/v2\/media?parent=156331"}],"wp:term":[{"taxonomy":"category","embeddable":true,"href":"https:\/\/www.radioluna.it\/news\/wp-json\/wp\/v2\/categories?post=156331"},{"taxonomy":"post_tag","embeddable":true,"href":"https:\/\/www.radioluna.it\/news\/wp-json\/wp\/v2\/tags?post=156331"}],"curies":[{"name":"wp","href":"https:\/\/api.w.org\/{rel}","templated":true}]}}