{"id":156335,"date":"2014-10-08T20:22:18","date_gmt":"2014-10-08T18:22:18","guid":{"rendered":"http:\/\/www.radioluna.it\/news\/?p=156335"},"modified":"2014-10-08T20:22:18","modified_gmt":"2014-10-08T18:22:18","slug":"centro-commerciale-sulla-monti-lepini-problemi-di-viabilita-e-nessuna-traccia-di-piste-ciclabili","status":"publish","type":"post","link":"https:\/\/www.radioluna.it\/news\/2014\/10\/centro-commerciale-sulla-monti-lepini-problemi-di-viabilita-e-nessuna-traccia-di-piste-ciclabili\/","title":{"rendered":"Centro commerciale sulla Monti Lepini, problemi di viabilit\u00e0 e nessuna traccia di piste ciclabili"},"content":{"rendered":"<div id=\"fb-root\"><\/div>\n<div id=\"attachment_119328\" style=\"width: 160px\" class=\"wp-caption alignleft\"><img loading=\"lazy\" decoding=\"async\" aria-describedby=\"caption-attachment-119328\" class=\"wp-image-119328 size-thumbnail\" src=\"http:\/\/www.radioluna.it\/news\/wp-content\/uploads\/2012\/04\/dario-bellini-lancia-la-campagna-150x150.jpg\" alt=\"Dario Bellini di Latina in bicicletta\" width=\"150\" height=\"150\" srcset=\"https:\/\/www.radioluna.it\/news\/wp-content\/uploads\/2012\/04\/dario-bellini-lancia-la-campagna-150x150.jpg 150w, https:\/\/www.radioluna.it\/news\/wp-content\/uploads\/2012\/04\/dario-bellini-lancia-la-campagna-300x300.jpg 300w, https:\/\/www.radioluna.it\/news\/wp-content\/uploads\/2012\/04\/dario-bellini-lancia-la-campagna-50x50.jpg 50w, https:\/\/www.radioluna.it\/news\/wp-content\/uploads\/2012\/04\/dario-bellini-lancia-la-campagna-80x80.jpg 80w\" sizes=\"auto, (max-width: 150px) 100vw, 150px\" \/><p id=\"caption-attachment-119328\" class=\"wp-caption-text\">Dario Bellini di Latina in bicicletta<\/p><\/div>\n<p style=\"text-align: justify;\">LATINA &#8211; Se la viabilit\u00e0 \u00e8 tra le criticit\u00e0 maggiori, evidenziate dal sindaco di Latina Di Giorgi, per la realizzazione del progetto del nuovo centro commerciale che un privato vuole realizzare sulla Via del Monti Lepini, c&#8217;\u00e8 chi come Dario Bellini del movimento latina in bicicletta che si dice pi\u00f9 in generale contro &#8220;l&#8217;idea che si vuole far passare in citt\u00e0 che si possa uscire dalla crisi del territorio grazie ai centri commerciali&#8221;. Oggi alla conferenza di servizi sono stati ammessi ad assistere anche i movimenti contrari all&#8217;opera, che si occupano della mobilit\u00e0 sostenibile.<\/p>\n<p style=\"text-align: justify;\">&#8220;Eravamo pochissimi questa mattina in piazza ma non ci siamo persi d&#8217;animo &#8211; scrive in una nota Dario Bellini &#8211; Dai tecnici presenti sono state sollevate sul progetto alcune criticit\u00e0, soprattutto dal punto di vista della viabilit\u00e0. Non esiste infatti, nessuno studio, n\u00e9 alcun adeguamento alla viabilit\u00e0 \u00a0sulle strade di via del Piccarello o via delle Rose. Siamo intervenuti per domandare cosa sarebbe cambiato nell&#8217;iter autorizzativo, se la politica si fosse decisa a chiedere una riduzione delle cubature (175.000 mc), come da pi\u00f9 parti politiche \u00e8 stato ventilato. Ci \u00e8 stato risposto che per cambiare le cubature in oggetto servono delle motivazione valide. Abbiamo obiettato che le motivazioni ci sono, tra tutte i problemi di viabilit\u00e0. Abbiamo infine notato che su tutti i progetti presentati non c&#8217;\u00e8 traccia alcuna di piste ciclabili, cos\u00ec abbiamo chiesto l&#8217;applicazione anche a Latina della legge dello stato 366\/98. C&#8217;\u00e8 stato risposto che il costruttore dovr\u00e0 prevedere alla realizzazione di piste ciclabili&#8221;.<\/p>\n<p style=\"text-align: justify;\">&#8220;Non siamo contro questo progetto in particolare &#8211; conclude Bellini &#8211; siamo contro l&#8217;idea che si possa uscire dalla crisi attraverso i\u00a0centri commerciali. E&#8217; una balla, questa si chiama solo speculazione edilizia. Siamo contrari anche al centro commerciale di Parco dei Pini che dovrebbe sorgere in zona autolinee nuove, che sta andando avanti nel suo iter autorizzativo in modo molto pi\u00f9 silenzioso ma non meno dirompente&#8221;.<\/p>\n","protected":false},"excerpt":{"rendered":"<p>LATINA &#8211; Se la viabilit\u00e0 \u00e8 tra le criticit\u00e0 maggiori, evidenziate dal sindaco di Latina Di Giorgi, per la realizzazione del progetto del nuovo centro commerciale che un privato vuole realizzare sulla Via del Monti Lepini, c&#8217;\u00e8 chi come Dario Bellini del movimento latina in bicicletta che si dice pi\u00f9 in generale contro &#8220;l&#8217;idea che [&hellip;]<\/p>\n","protected":false},"author":60,"featured_media":119328,"comment_status":"open","ping_status":"closed","sticky":false,"template":"","format":"standard","meta":{"footnotes":""},"categories":[7],"tags":[],"class_list":["post-156335","post","type-post","status-publish","format-standard","has-post-thumbnail","hentry","category-cronaca"],"_links":{"self":[{"href":"https:\/\/www.radioluna.it\/news\/wp-json\/wp\/v2\/posts\/156335","targetHints":{"allow":["GET"]}}],"collection":[{"href":"https:\/\/www.radioluna.it\/news\/wp-json\/wp\/v2\/posts"}],"about":[{"href":"https:\/\/www.radioluna.it\/news\/wp-json\/wp\/v2\/types\/post"}],"author":[{"embeddable":true,"href":"https:\/\/www.radioluna.it\/news\/wp-json\/wp\/v2\/users\/60"}],"replies":[{"embeddable":true,"href":"https:\/\/www.radioluna.it\/news\/wp-json\/wp\/v2\/comments?post=156335"}],"version-history":[{"count":0,"href":"https:\/\/www.radioluna.it\/news\/wp-json\/wp\/v2\/posts\/156335\/revisions"}],"wp:featuredmedia":[{"embeddable":true,"href":"https:\/\/www.radioluna.it\/news\/wp-json\/wp\/v2\/media\/119328"}],"wp:attachment":[{"href":"https:\/\/www.radioluna.it\/news\/wp-json\/wp\/v2\/media?parent=156335"}],"wp:term":[{"taxonomy":"category","embeddable":true,"href":"https:\/\/www.radioluna.it\/news\/wp-json\/wp\/v2\/categories?post=156335"},{"taxonomy":"post_tag","embeddable":true,"href":"https:\/\/www.radioluna.it\/news\/wp-json\/wp\/v2\/tags?post=156335"}],"curies":[{"name":"wp","href":"https:\/\/api.w.org\/{rel}","templated":true}]}}