{"id":156364,"date":"2014-10-09T18:12:55","date_gmt":"2014-10-09T16:12:55","guid":{"rendered":"http:\/\/www.radioluna.it\/news\/?p=156364"},"modified":"2014-10-09T18:12:55","modified_gmt":"2014-10-09T16:12:55","slug":"itc-vittorio-veneto-la-sede-storica-di-viale-mazzini-torna-agli-studenti","status":"publish","type":"post","link":"https:\/\/www.radioluna.it\/news\/2014\/10\/itc-vittorio-veneto-la-sede-storica-di-viale-mazzini-torna-agli-studenti\/","title":{"rendered":"Itc Vittorio Veneto, la sede storica di viale Mazzini torna agli studenti"},"content":{"rendered":"<div id=\"fb-root\"><\/div>\n<div id=\"attachment_121371\" style=\"width: 160px\" class=\"wp-caption alignleft\"><img loading=\"lazy\" decoding=\"async\" aria-describedby=\"caption-attachment-121371\" class=\"wp-image-121371 size-thumbnail\" src=\"http:\/\/www.radioluna.it\/news\/wp-content\/uploads\/2012\/06\/vittorio-veneto-2-150x150.jpg\" alt=\"Contro il trasferimento, in primavera gli studenti avevano protestato in strada\" width=\"150\" height=\"150\" srcset=\"https:\/\/www.radioluna.it\/news\/wp-content\/uploads\/2012\/06\/vittorio-veneto-2-150x150.jpg 150w, https:\/\/www.radioluna.it\/news\/wp-content\/uploads\/2012\/06\/vittorio-veneto-2-300x300.jpg 300w, https:\/\/www.radioluna.it\/news\/wp-content\/uploads\/2012\/06\/vittorio-veneto-2-50x50.jpg 50w, https:\/\/www.radioluna.it\/news\/wp-content\/uploads\/2012\/06\/vittorio-veneto-2-80x80.jpg 80w\" sizes=\"auto, (max-width: 150px) 100vw, 150px\" \/><p id=\"caption-attachment-121371\" class=\"wp-caption-text\">Contro il trasferimento, in primavera gli studenti avevano protestato in strada<\/p><\/div>\n<p style=\"text-align: justify;\">LATINA &#8211; La sede storica di uno degli istituti scolastici pi\u00f9 vecchi del capoluogo, l&#8217;istituto tecnico Vittorio Veneto, torner\u00e0 ad ospitare i tanti studenti che negli ultimi due anni hanno fatto lezione nella sede provvisoria in via Le Corbusier presso il Sani-Salvemini. E&#8217; stato firmato oggi l&#8217;atto per la riconsegna della struttura tra il presidente facente funzioni dell&#8217;amministrazione Provinciale di Latina, De Monaco e il nuovo dirigente della scuola, fresco di nomina, Paola Di Veroli. Una firma attesa, dopo il trasloco del 2012 che aveva suscitato numerose polemiche e proteste, che permetter\u00e0 il rientro degli studenti in circa 40 aule a partire da gennaio. Un atto che per\u00f2 non risolve alcune criticit\u00e0, saranno agibili infatti, solo i locali del primo e secondo piano e l&#8217;aula magna mentre il piano terr\u00e0 rester\u00e0 chiuso. La Provincia a tal proposito si \u00e8 detta in attesa di un finanziamento di circa 400 mila euro per portare a termine gli interventi di ristrutturazione. Ora si attende la verifica sulla sicurezza dello stabile di viale Mazzini da parte dei vigili del fuoco.<\/p>\n","protected":false},"excerpt":{"rendered":"<p>LATINA &#8211; La sede storica di uno degli istituti scolastici pi\u00f9 vecchi del capoluogo, l&#8217;istituto tecnico Vittorio Veneto, torner\u00e0 ad ospitare i tanti studenti che negli ultimi due anni hanno fatto lezione nella sede provvisoria in via Le Corbusier presso il Sani-Salvemini. E&#8217; stato firmato oggi l&#8217;atto per la riconsegna della struttura tra il presidente [&hellip;]<\/p>\n","protected":false},"author":60,"featured_media":121371,"comment_status":"open","ping_status":"closed","sticky":false,"template":"","format":"standard","meta":{"footnotes":""},"categories":[7,248],"tags":[],"class_list":["post-156364","post","type-post","status-publish","format-standard","has-post-thumbnail","hentry","category-cronaca","category-istruzione"],"_links":{"self":[{"href":"https:\/\/www.radioluna.it\/news\/wp-json\/wp\/v2\/posts\/156364","targetHints":{"allow":["GET"]}}],"collection":[{"href":"https:\/\/www.radioluna.it\/news\/wp-json\/wp\/v2\/posts"}],"about":[{"href":"https:\/\/www.radioluna.it\/news\/wp-json\/wp\/v2\/types\/post"}],"author":[{"embeddable":true,"href":"https:\/\/www.radioluna.it\/news\/wp-json\/wp\/v2\/users\/60"}],"replies":[{"embeddable":true,"href":"https:\/\/www.radioluna.it\/news\/wp-json\/wp\/v2\/comments?post=156364"}],"version-history":[{"count":0,"href":"https:\/\/www.radioluna.it\/news\/wp-json\/wp\/v2\/posts\/156364\/revisions"}],"wp:featuredmedia":[{"embeddable":true,"href":"https:\/\/www.radioluna.it\/news\/wp-json\/wp\/v2\/media\/121371"}],"wp:attachment":[{"href":"https:\/\/www.radioluna.it\/news\/wp-json\/wp\/v2\/media?parent=156364"}],"wp:term":[{"taxonomy":"category","embeddable":true,"href":"https:\/\/www.radioluna.it\/news\/wp-json\/wp\/v2\/categories?post=156364"},{"taxonomy":"post_tag","embeddable":true,"href":"https:\/\/www.radioluna.it\/news\/wp-json\/wp\/v2\/tags?post=156364"}],"curies":[{"name":"wp","href":"https:\/\/api.w.org\/{rel}","templated":true}]}}