{"id":156408,"date":"2014-10-10T11:46:07","date_gmt":"2014-10-10T09:46:07","guid":{"rendered":"http:\/\/www.radioluna.it\/news\/?p=156408"},"modified":"2014-10-10T11:46:40","modified_gmt":"2014-10-10T09:46:40","slug":"i-problemi-della-tiroide-nel-lazio-convegno-a-roma","status":"publish","type":"post","link":"https:\/\/www.radioluna.it\/news\/2014\/10\/i-problemi-della-tiroide-nel-lazio-convegno-a-roma\/","title":{"rendered":"I problemi della tiroide nel Lazio, convegno a Roma"},"content":{"rendered":"<div id=\"fb-root\"><\/div>\n<p style=\"text-align: justify;\"><img loading=\"lazy\" decoding=\"async\" class=\"alignleft size-medium wp-image-156409\" src=\"http:\/\/www.radioluna.it\/news\/wp-content\/uploads\/2014\/10\/tiroide-300x225.jpg\" alt=\"tiroide\" width=\"300\" height=\"225\" srcset=\"https:\/\/www.radioluna.it\/news\/wp-content\/uploads\/2014\/10\/tiroide-300x225.jpg 300w, https:\/\/www.radioluna.it\/news\/wp-content\/uploads\/2014\/10\/tiroide-768x576.jpg 768w, https:\/\/www.radioluna.it\/news\/wp-content\/uploads\/2014\/10\/tiroide-500x375.jpg 500w, https:\/\/www.radioluna.it\/news\/wp-content\/uploads\/2014\/10\/tiroide-1024x768.jpg 1024w, https:\/\/www.radioluna.it\/news\/wp-content\/uploads\/2014\/10\/tiroide-635x476.jpg 635w, https:\/\/www.radioluna.it\/news\/wp-content\/uploads\/2014\/10\/tiroide-800x600.jpg 800w, https:\/\/www.radioluna.it\/news\/wp-content\/uploads\/2014\/10\/tiroide.jpg 1000w\" sizes=\"auto, (max-width: 300px) 100vw, 300px\" \/>ROMA &#8211;\u00a0Si svolger\u00e0 domani a Roma (presso il\u00a0<strong><em>Romamed &#8211; Piazza Istria 2)<\/em><\/strong>\u00a0organizzato dalla Societ\u00e0 Italiana di Medicina Generale, un convegno sui problemi della tiroide e dell\u2019ipotiroidismo, la pi\u00f9 diffusa malattia che colpisce questa ghiandola. L\u2019ipotiroidismo colpisce il genere femminile nell\u201980% dei casi con picchi fino al 10-15% nel periodo post-menopausale.<\/p>\n<p class=\"western\" style=\"text-align: justify;\" align=\"JUSTIFY\">\u201cIl territorio laziale \u00e8 caratterizzato da un\u2019importante carenza iodica che si ripercuote sulla salute della tiroide; sono oltre 280.000 nel Lazio afferma <strong class=\"western\">Gerardo Medea<\/strong>, Responsabile Area Metabolica SIMG le persone colpite da ipotiroidismo. Le malattie della tiroide sono molto diffuse e, secondo i dati dell\u2019ultimo rapporto Health Search realizzato dall\u2019istituto di ricerca della SIMG, tra i nostri assistiti le persone con ipotiroidismo rappresentano gi\u00e0 oggi una quota importante, 1 su 20, e l\u2019ipotiroidismo \u00e8 una tra le pi\u00f9 abituali cause di contatto con il medico di famiglia che \u00e8 chiamato a riconoscerne i primi segni per l\u2019invio al consulto dello specialista endocrinologo. \u00a0Ma, dopo la diagnosi e l\u2019impostazione della terapia, il medico di medicina generale \u00e8 responsabile della gestione complessiva del paziente e, con l\u2019obiettivo di dare risposte sempre pi\u00f9 appropriate, SIMG, in collaborazione con gli specialisti, ha identificato i temi di maggiore interesse e ha avviato un percorso di aggiornamento e approfondimento per la gestione quotidiana dei pazienti\u201d conclude Medea.<\/p>\n","protected":false},"excerpt":{"rendered":"<p>ROMA &#8211;\u00a0Si svolger\u00e0 domani a Roma (presso il\u00a0Romamed &#8211; Piazza Istria 2)\u00a0organizzato dalla Societ\u00e0 Italiana di Medicina Generale, un convegno sui problemi della tiroide e dell\u2019ipotiroidismo, la pi\u00f9 diffusa malattia che colpisce questa ghiandola. L\u2019ipotiroidismo colpisce il genere femminile nell\u201980% dei casi con picchi fino al 10-15% nel periodo post-menopausale. \u201cIl territorio laziale \u00e8 caratterizzato [&hellip;]<\/p>\n","protected":false},"author":60,"featured_media":156409,"comment_status":"open","ping_status":"closed","sticky":false,"template":"","format":"standard","meta":{"footnotes":""},"categories":[16,7],"tags":[],"class_list":["post-156408","post","type-post","status-publish","format-standard","has-post-thumbnail","hentry","category-appuntamenti","category-cronaca"],"_links":{"self":[{"href":"https:\/\/www.radioluna.it\/news\/wp-json\/wp\/v2\/posts\/156408","targetHints":{"allow":["GET"]}}],"collection":[{"href":"https:\/\/www.radioluna.it\/news\/wp-json\/wp\/v2\/posts"}],"about":[{"href":"https:\/\/www.radioluna.it\/news\/wp-json\/wp\/v2\/types\/post"}],"author":[{"embeddable":true,"href":"https:\/\/www.radioluna.it\/news\/wp-json\/wp\/v2\/users\/60"}],"replies":[{"embeddable":true,"href":"https:\/\/www.radioluna.it\/news\/wp-json\/wp\/v2\/comments?post=156408"}],"version-history":[{"count":0,"href":"https:\/\/www.radioluna.it\/news\/wp-json\/wp\/v2\/posts\/156408\/revisions"}],"wp:featuredmedia":[{"embeddable":true,"href":"https:\/\/www.radioluna.it\/news\/wp-json\/wp\/v2\/media\/156409"}],"wp:attachment":[{"href":"https:\/\/www.radioluna.it\/news\/wp-json\/wp\/v2\/media?parent=156408"}],"wp:term":[{"taxonomy":"category","embeddable":true,"href":"https:\/\/www.radioluna.it\/news\/wp-json\/wp\/v2\/categories?post=156408"},{"taxonomy":"post_tag","embeddable":true,"href":"https:\/\/www.radioluna.it\/news\/wp-json\/wp\/v2\/tags?post=156408"}],"curies":[{"name":"wp","href":"https:\/\/api.w.org\/{rel}","templated":true}]}}