{"id":156456,"date":"2014-10-11T09:52:59","date_gmt":"2014-10-11T07:52:59","guid":{"rendered":"http:\/\/www.radioluna.it\/news\/?p=156456"},"modified":"2014-10-11T13:35:47","modified_gmt":"2014-10-11T11:35:47","slug":"un-programma-tv-very-british-per-alessandro-allocca","status":"publish","type":"post","link":"https:\/\/www.radioluna.it\/news\/2014\/10\/un-programma-tv-very-british-per-alessandro-allocca\/","title":{"rendered":"Un programma tv very british per Alessandro Allocca"},"content":{"rendered":"<div id=\"fb-root\"><\/div>\n<div id=\"attachment_156457\" style=\"width: 645px\" class=\"wp-caption aligncenter\"><img loading=\"lazy\" decoding=\"async\" aria-describedby=\"caption-attachment-156457\" class=\"size-thumbnail wp-image-156457\" src=\"http:\/\/www.radioluna.it\/news\/wp-content\/uploads\/2014\/10\/ale-allocca-635x396.jpg\" alt=\"Alessandro Allocca (a destra) \" width=\"635\" height=\"396\" srcset=\"https:\/\/www.radioluna.it\/news\/wp-content\/uploads\/2014\/10\/ale-allocca-635x396.jpg 635w, https:\/\/www.radioluna.it\/news\/wp-content\/uploads\/2014\/10\/ale-allocca-768x479.jpg 768w, https:\/\/www.radioluna.it\/news\/wp-content\/uploads\/2014\/10\/ale-allocca-500x312.jpg 500w, https:\/\/www.radioluna.it\/news\/wp-content\/uploads\/2014\/10\/ale-allocca-300x187.jpg 300w, https:\/\/www.radioluna.it\/news\/wp-content\/uploads\/2014\/10\/ale-allocca-800x499.jpg 800w, https:\/\/www.radioluna.it\/news\/wp-content\/uploads\/2014\/10\/ale-allocca.jpg 960w\" sizes=\"auto, (max-width: 635px) 100vw, 635px\" \/><p id=\"caption-attachment-156457\" class=\"wp-caption-text\">Alessandro Allocca (a destra)<\/p><\/div>\n<p style=\"text-align: justify;\">LATINA &#8211; Il giornalista di Latina Alessandro Allocca (Radio Luna, Latina Oggi, \u00a0Extra Tv, speaker sportivo ex-voce dell&#8217;Andreoli Top Volley ) si \u00e8 trasferito a Londra per lavoro da un anno e mezzo circa. Ora lo ritroviamo sullo schermo, con un po&#8217; di barba in pi\u00f9: ogni gioved\u00ec, \u00e8 il corrispondente da Londra del programma City di Martolina De Simone su M20. La prima puntata, ricca di curiosit\u00e0, \u00e8 gi\u00e0 andata in onda tra artisti da &#8220;tube&#8221;, nuove tendenze e modi di dire very british.<\/p>\n<p style=\"text-align: justify;\">Muover\u00e0 ancora pi\u00f9 turisti di quanti Londra non ne accolga gi\u00e0? Vedremo. Intanto dati empirici dicono che da quando Allocca \u00e8 oltremanica il turismo Latina-Londra ha sub\u00ecto un&#8217;impennata. E c&#8217;\u00e8 anche chi, per lui, ha preso l&#8217;aereo per la prima volta.<\/p>\n<p style=\"text-align: justify;\">\n","protected":false},"excerpt":{"rendered":"<p>LATINA &#8211; Il giornalista di Latina Alessandro Allocca (Radio Luna, Latina Oggi, \u00a0Extra Tv, speaker sportivo ex-voce dell&#8217;Andreoli Top Volley ) si \u00e8 trasferito a Londra per lavoro da un anno e mezzo circa. Ora lo ritroviamo sullo schermo, con un po&#8217; di barba in pi\u00f9: ogni gioved\u00ec, \u00e8 il corrispondente da Londra del programma [&hellip;]<\/p>\n","protected":false},"author":62,"featured_media":156457,"comment_status":"open","ping_status":"closed","sticky":false,"template":"","format":"standard","meta":{"footnotes":""},"categories":[735],"tags":[],"class_list":["post-156456","post","type-post","status-publish","format-standard","has-post-thumbnail","hentry","category-attualita"],"_links":{"self":[{"href":"https:\/\/www.radioluna.it\/news\/wp-json\/wp\/v2\/posts\/156456","targetHints":{"allow":["GET"]}}],"collection":[{"href":"https:\/\/www.radioluna.it\/news\/wp-json\/wp\/v2\/posts"}],"about":[{"href":"https:\/\/www.radioluna.it\/news\/wp-json\/wp\/v2\/types\/post"}],"author":[{"embeddable":true,"href":"https:\/\/www.radioluna.it\/news\/wp-json\/wp\/v2\/users\/62"}],"replies":[{"embeddable":true,"href":"https:\/\/www.radioluna.it\/news\/wp-json\/wp\/v2\/comments?post=156456"}],"version-history":[{"count":0,"href":"https:\/\/www.radioluna.it\/news\/wp-json\/wp\/v2\/posts\/156456\/revisions"}],"wp:featuredmedia":[{"embeddable":true,"href":"https:\/\/www.radioluna.it\/news\/wp-json\/wp\/v2\/media\/156457"}],"wp:attachment":[{"href":"https:\/\/www.radioluna.it\/news\/wp-json\/wp\/v2\/media?parent=156456"}],"wp:term":[{"taxonomy":"category","embeddable":true,"href":"https:\/\/www.radioluna.it\/news\/wp-json\/wp\/v2\/categories?post=156456"},{"taxonomy":"post_tag","embeddable":true,"href":"https:\/\/www.radioluna.it\/news\/wp-json\/wp\/v2\/tags?post=156456"}],"curies":[{"name":"wp","href":"https:\/\/api.w.org\/{rel}","templated":true}]}}