{"id":156533,"date":"2014-10-13T17:56:05","date_gmt":"2014-10-13T15:56:05","guid":{"rendered":"http:\/\/www.radioluna.it\/news\/?p=156533"},"modified":"2014-10-13T17:56:05","modified_gmt":"2014-10-13T15:56:05","slug":"nuovo-volto-al-mercato-annonario-di-latina-il-progetto-evento-di-writers-e-pittori","status":"publish","type":"post","link":"https:\/\/www.radioluna.it\/news\/2014\/10\/nuovo-volto-al-mercato-annonario-di-latina-il-progetto-evento-di-writers-e-pittori\/","title":{"rendered":"Nuovo volto al mercato annonario di Latina, il progetto-evento di writers e pittori"},"content":{"rendered":"<div id=\"fb-root\"><\/div>\n<p><img loading=\"lazy\" decoding=\"async\" class=\"aligncenter size-thumbnail wp-image-156534\" src=\"http:\/\/www.radioluna.it\/news\/wp-content\/uploads\/2014\/10\/mercato-a-colori-gruppo-635x474.jpg\" alt=\"mercato a colori gruppo\" width=\"635\" height=\"474\" srcset=\"https:\/\/www.radioluna.it\/news\/wp-content\/uploads\/2014\/10\/mercato-a-colori-gruppo-635x474.jpg 635w, https:\/\/www.radioluna.it\/news\/wp-content\/uploads\/2014\/10\/mercato-a-colori-gruppo-768x574.jpg 768w, https:\/\/www.radioluna.it\/news\/wp-content\/uploads\/2014\/10\/mercato-a-colori-gruppo-1024x765.jpg 1024w, https:\/\/www.radioluna.it\/news\/wp-content\/uploads\/2014\/10\/mercato-a-colori-gruppo-500x373.jpg 500w, https:\/\/www.radioluna.it\/news\/wp-content\/uploads\/2014\/10\/mercato-a-colori-gruppo-300x224.jpg 300w, https:\/\/www.radioluna.it\/news\/wp-content\/uploads\/2014\/10\/mercato-a-colori-gruppo-800x597.jpg 800w, https:\/\/www.radioluna.it\/news\/wp-content\/uploads\/2014\/10\/mercato-a-colori-gruppo.jpg 1000w\" sizes=\"auto, (max-width: 635px) 100vw, 635px\" \/><\/p>\n<p style=\"text-align: justify;\">LATINA &#8211; Nuovo volto al mercato annonario della citt\u00e0, lo storico edificio sar\u00e0 decorato all&#8217;interno e all&#8217;esterno da writers e pittori. E&#8217; stato presentato oggi il progetto il progetto evento intitolato \u201cUn mercato a colori\u201d, nato da un\u2019idea di Andrea Marchiella e coordinato dalla scenografa Elisa Saltarelli, dell\u2019associazione culturale \u201cLatina per Strada\u201d, editrice dell\u2019omonima rivista mensile.<\/p>\n<p style=\"text-align: justify;\">La finalit\u00e0 del progetto, promosso dall\u2019associazione per festeggiare i tre anni di attivit\u00e0 e pubblicazioni, consistono nella realizzazione di opere artistiche destinate a cambiare volto allo storico edificio di via Don Minzoni, nuova sede del Mercato Annonario.<br \/>\n\u201cUn mercato a colori\u201d vede la partecipazione di due squadre di artisti, i senior e i writers che offriranno a titolo gratuito le loro abilit\u00e0 artistiche per regalare nuovo volto al mercato annonario della citt\u00e0. La squadra di pittori senior si occuper\u00e0 dell\u2019allestimento interno del mercato mentre la squadra dei writers provveder\u00e0 alla decorazione esterna dell\u2019edificio.\u00a0I pittori senior sono Emanuel Acciarito, Roberto Andreatini, Tommaso Andreocci, Giovanna Campoli, Dafne Capuccio, Giuseppe Cardone, Dino Catalano, Claudio Cecconi, Giuseppe Coluzzi, Antonio Farina, Francesco Martelli, Elisa Saltarelli, Michele Volpe.\u00a0I writers Lorenzo Farina, Andrea Forlenza, Stefano Colaiacovo, Luca Pepe, Mirko Modena, Morris Modena.<\/p>\n<p style=\"text-align: justify;\">L\u2019iniziativa di \u201cLatina per strada\u201d si svilupper\u00e0 in tre step: la mattina di venerd\u00ec 24 ottobre, i writers dipingeranno in simultanea sulla piattaforma elevatrice per festeggiare i tre anni della rivista promotrice dell\u2019iniziativa \u201cLatina per Strada\u201d. La festa sar\u00e0 arricchita da uno spettacolare show cooking, i prodotti impiegati saranno naturalmente forniti dagli operatori del mercato.<\/p>\n<p style=\"text-align: justify;\">Il 2\u00b0 step avverr\u00e0 a ridosso del compleanno di Latina, nel mese di dicembre: in questa occasione sar\u00e0 mostrata al pubblico la scenografia composta dalle tredici creazioni degli artisti che opereranno all\u2019interno della struttura. Il 3\u00b0 step ci sar\u00e0 a marzo con il completamento della seconda facciata interna, a cura degli artisti senior.<\/p>\n<p style=\"text-align: justify;\">\u201cQuesta idea &#8211; afferma il sindaco Di Giorgi &#8211; \u00a0nasce da una richiesta fatta da alcuni banconisti del mercato durante una passeggiata che ho fatto tra i loro banchi qualche tempo fa e dove mi dissero: \u201cSindaco qui vogliamo un po\u2019 di colore\u201d. Andrea, che era con me, ha interpretato benissimo quella richiesta ed ha ideato questo ottimo progetto. Un progetto che ha un cuore e un anima, quella degli artisti che gli daranno vita attraverso le loro menti e le loro mani. Grazie e al lavoro di tutti il mercato diventer\u00e0 cos\u00ec anche un luogo d\u2019arte, un\u2019agor\u00e0 per tutti con particolare attenzione alla sua storia di luogo d\u2019incontro e di commercio\u201d.<\/p>\n","protected":false},"excerpt":{"rendered":"<p>LATINA &#8211; Nuovo volto al mercato annonario della citt\u00e0, lo storico edificio sar\u00e0 decorato all&#8217;interno e all&#8217;esterno da writers e pittori. E&#8217; stato presentato oggi il progetto il progetto evento intitolato \u201cUn mercato a colori\u201d, nato da un\u2019idea di Andrea Marchiella e coordinato dalla scenografa Elisa Saltarelli, dell\u2019associazione culturale \u201cLatina per Strada\u201d, editrice dell\u2019omonima rivista [&hellip;]<\/p>\n","protected":false},"author":60,"featured_media":156534,"comment_status":"open","ping_status":"closed","sticky":false,"template":"","format":"standard","meta":{"footnotes":""},"categories":[16,735,15],"tags":[],"class_list":["post-156533","post","type-post","status-publish","format-standard","has-post-thumbnail","hentry","category-appuntamenti","category-attualita","category-cultura"],"_links":{"self":[{"href":"https:\/\/www.radioluna.it\/news\/wp-json\/wp\/v2\/posts\/156533","targetHints":{"allow":["GET"]}}],"collection":[{"href":"https:\/\/www.radioluna.it\/news\/wp-json\/wp\/v2\/posts"}],"about":[{"href":"https:\/\/www.radioluna.it\/news\/wp-json\/wp\/v2\/types\/post"}],"author":[{"embeddable":true,"href":"https:\/\/www.radioluna.it\/news\/wp-json\/wp\/v2\/users\/60"}],"replies":[{"embeddable":true,"href":"https:\/\/www.radioluna.it\/news\/wp-json\/wp\/v2\/comments?post=156533"}],"version-history":[{"count":0,"href":"https:\/\/www.radioluna.it\/news\/wp-json\/wp\/v2\/posts\/156533\/revisions"}],"wp:featuredmedia":[{"embeddable":true,"href":"https:\/\/www.radioluna.it\/news\/wp-json\/wp\/v2\/media\/156534"}],"wp:attachment":[{"href":"https:\/\/www.radioluna.it\/news\/wp-json\/wp\/v2\/media?parent=156533"}],"wp:term":[{"taxonomy":"category","embeddable":true,"href":"https:\/\/www.radioluna.it\/news\/wp-json\/wp\/v2\/categories?post=156533"},{"taxonomy":"post_tag","embeddable":true,"href":"https:\/\/www.radioluna.it\/news\/wp-json\/wp\/v2\/tags?post=156533"}],"curies":[{"name":"wp","href":"https:\/\/api.w.org\/{rel}","templated":true}]}}