{"id":156579,"date":"2014-10-14T20:13:23","date_gmt":"2014-10-14T18:13:23","guid":{"rendered":"http:\/\/www.radioluna.it\/news\/?p=156579"},"modified":"2014-10-14T20:36:49","modified_gmt":"2014-10-14T18:36:49","slug":"metropolitana-forte-la-regione-non-ha-mai-messo-in-bilancio-contributi-per-lopera","status":"publish","type":"post","link":"https:\/\/www.radioluna.it\/news\/2014\/10\/metropolitana-forte-la-regione-non-ha-mai-messo-in-bilancio-contributi-per-lopera\/","title":{"rendered":"Metropolitana, Forte: &#8220;La Regione non ha mai messo in bilancio contributi per l\u2019opera&#8221;"},"content":{"rendered":"<div id=\"fb-root\"><\/div>\n<div id=\"attachment_12895\" style=\"width: 160px\" class=\"wp-caption alignleft\"><img loading=\"lazy\" decoding=\"async\" aria-describedby=\"caption-attachment-12895\" class=\"wp-image-12895 size-thumbnail\" src=\"http:\/\/www.radioluna.it\/news\/wp-content\/uploads\/2010\/09\/metro1-150x129.jpg\" alt=\"La metro leggera in esposizione a Latina\" width=\"150\" height=\"129\" \/><p id=\"caption-attachment-12895\" class=\"wp-caption-text\">La metro leggera in esposizione a Latina<\/p><\/div>\n<p style=\"text-align: justify;\">LATINA &#8211; Metropolitana: &#8220;manca un piano di sostenibilit\u00e0 economica,\u00a0la Regione non ha mai messo in bilancio contributi per l\u2019opera&#8221;. E&#8217; quanto sostiene il consigliere regionale del Partito Democratico Enrico Forte chiarendo il ruolo della Regione Lazio. &#8220;In merito alla richiesta di chiarimenti del sindaco di Latina rispetto agli \u201cintenti della Regione sulla metropolitana di Latina\u201d \u2013 sottolinea il vice presidente della Commissione ambiente, lavori pubblici e mobilit\u00e0 &#8211; occorre ricordare che la Regione ha partecipato a vari incontri con il Comune di Latina per discutere nel merito il ruolo degli enti coinvolti a vario titolo. Durante questi incontri la Regione ha segnalato pi\u00f9 volte l\u2019assenza di un chiaro piano di sostenibilit\u00e0 economico-finanziaria da parte del Comune, in particolare sulla messa in esercizio. Ricordiamo ancora al sindaco che il finanziamento alla metropolitana di Latina \u00e8 stato erogato dal Cipe direttamente al Comune capoluogo. La Regione, anche in passato, non ha mai deliberato e messo in bilancio alcun contributo per la realizzazione di quest\u2019opera. Ricordando che il contributo ai servizi minimi del Tpl (legge 30\/98) che la Regione eroga ogni anno al Comune di Latina \u00e8 di 3.608.852,47 euro l\u2019anno, la Regione ha dato la sua piena disponibilit\u00e0 a rimodulare questo contributo, anche in funzione delle nuove scelte che il Comune di Latina intende proporre in materia di mobilit\u00e0. Appare dunque pretestuoso chiamare in causa la Regione \u2013conclude Enrico Forte &#8211; quando il l\u2019amministrazione comunale di Latina non ha ancora sciolto al proprio interno le contraddizioni sulla realizzazione di tale opera, contraddizioni emerse peraltro gi\u00e0 durante la campagna elettorale del Sindaco\u00bb.<\/p>\n<p style=\"text-align: justify;\">Anche il consigliere comunale del Pd Porcari interviene sulla vicenda. &#8220;l sindaco Di Giorgi scrive al presidente della Regione Zingaretti per sollecitare una risposta urgente e definitivamente chiara circa la realizzazione della metro leggera di superficie a\u00a0Latina, ma sembra dimenticare &#8211; scrive Porcari &#8211; che a suo tempo il progetto \u00e8 stato approvato da una maggioranza costituita da molti degli attuali consiglieri e di cui egli stesso faceva parte. Oggi il sindaco fa scaricabarile quando dovrebbe assumersi la responsabilit\u00e0 di un\u2019opera votata senza le necessarie coperture finanziarie.\u00a0Siamo nel novembre 2009, amministrazione guidata da Vincenzo Zaccheo con lo stesso Di Giorgi presidente della commissione Viabilit\u00e0, quando il consiglio comunale \u2013 ricorda Porcari ripercorrendo le fasi del progetto &#8211; approva a maggioranza l\u2019opera della metro leggera, ovvero lo stesso progetto che oggi il sindaco riconosce critico visto che esiste il rischio di contrarre un debito pesante qualora la Regione non garantisse i fondi per il contributo chilometrico o il Cotral non subentrasse per farsi carico della gestione dell\u2019opera&#8221;.<\/p>\n<p style=\"text-align: justify;\">&#8220;La strategia dell\u2019amministrazione Di Giorgi oggi punta a scaricare tutte le responsabilit\u00e0 sulla Regione, ma il problema \u2013 sostiene Porcari &#8211; \u00e8 a monte ed \u00e8 molto semplice: come pu\u00f2 un\u2019amministrazione approvare un progetto senza le dovute coperture finanziarie? Eppure \u00e8 questo ci\u00f2 che \u00e8 stato fatto nel 2009, la maggior parte dei consiglieri attuali ha approvato un\u2019opera faraonica senza avere la certezza che la Regione potesse contribuire alla sua gestione, senza nemmeno prima informarsi su questo contributo, necessario visti i costi ingenti da coprire.\u00a0Con questo comportamento scellerato hanno messo a rischio le casse comunali per i prossimi anni perch\u00e9 si stimano penali da pagare pari ad oltre 10 milioni di euro\u00bb.<\/p>\n","protected":false},"excerpt":{"rendered":"<p>LATINA &#8211; Metropolitana: &#8220;manca un piano di sostenibilit\u00e0 economica,\u00a0la Regione non ha mai messo in bilancio contributi per l\u2019opera&#8221;. E&#8217; quanto sostiene il consigliere regionale del Partito Democratico Enrico Forte chiarendo il ruolo della Regione Lazio. &#8220;In merito alla richiesta di chiarimenti del sindaco di Latina rispetto agli \u201cintenti della Regione sulla metropolitana di Latina\u201d [&hellip;]<\/p>\n","protected":false},"author":60,"featured_media":12895,"comment_status":"open","ping_status":"closed","sticky":false,"template":"","format":"standard","meta":{"footnotes":""},"categories":[7,8],"tags":[],"class_list":["post-156579","post","type-post","status-publish","format-standard","has-post-thumbnail","hentry","category-cronaca","category-politica"],"_links":{"self":[{"href":"https:\/\/www.radioluna.it\/news\/wp-json\/wp\/v2\/posts\/156579","targetHints":{"allow":["GET"]}}],"collection":[{"href":"https:\/\/www.radioluna.it\/news\/wp-json\/wp\/v2\/posts"}],"about":[{"href":"https:\/\/www.radioluna.it\/news\/wp-json\/wp\/v2\/types\/post"}],"author":[{"embeddable":true,"href":"https:\/\/www.radioluna.it\/news\/wp-json\/wp\/v2\/users\/60"}],"replies":[{"embeddable":true,"href":"https:\/\/www.radioluna.it\/news\/wp-json\/wp\/v2\/comments?post=156579"}],"version-history":[{"count":0,"href":"https:\/\/www.radioluna.it\/news\/wp-json\/wp\/v2\/posts\/156579\/revisions"}],"wp:featuredmedia":[{"embeddable":true,"href":"https:\/\/www.radioluna.it\/news\/wp-json\/wp\/v2\/media\/12895"}],"wp:attachment":[{"href":"https:\/\/www.radioluna.it\/news\/wp-json\/wp\/v2\/media?parent=156579"}],"wp:term":[{"taxonomy":"category","embeddable":true,"href":"https:\/\/www.radioluna.it\/news\/wp-json\/wp\/v2\/categories?post=156579"},{"taxonomy":"post_tag","embeddable":true,"href":"https:\/\/www.radioluna.it\/news\/wp-json\/wp\/v2\/tags?post=156579"}],"curies":[{"name":"wp","href":"https:\/\/api.w.org\/{rel}","templated":true}]}}