{"id":156601,"date":"2014-10-15T12:29:03","date_gmt":"2014-10-15T10:29:03","guid":{"rendered":"http:\/\/www.radioluna.it\/news\/?p=156601"},"modified":"2014-10-15T12:29:03","modified_gmt":"2014-10-15T10:29:03","slug":"marcia-della-pace-perugia-assisi-partecipa-lo-spi-cgil-di-latina","status":"publish","type":"post","link":"https:\/\/www.radioluna.it\/news\/2014\/10\/marcia-della-pace-perugia-assisi-partecipa-lo-spi-cgil-di-latina\/","title":{"rendered":"Marcia della Pace Perugia-Assisi, partecipa lo Spi Cgil di Latina"},"content":{"rendered":"<div id=\"fb-root\"><\/div>\n<p style=\"text-align: justify;\"><img loading=\"lazy\" decoding=\"async\" class=\"alignleft size-full wp-image-156602\" src=\"http:\/\/www.radioluna.it\/news\/wp-content\/uploads\/2014\/10\/pace-locandina.jpg\" alt=\"pace locandina\" width=\"419\" height=\"600\" srcset=\"https:\/\/www.radioluna.it\/news\/wp-content\/uploads\/2014\/10\/pace-locandina.jpg 419w, https:\/\/www.radioluna.it\/news\/wp-content\/uploads\/2014\/10\/pace-locandina-210x300.jpg 210w\" sizes=\"auto, (max-width: 419px) 100vw, 419px\" \/>LATINA &#8211; Le Leghe Spi Cgil di Latina, Aprilia, Cisterna, Sezze Terracina e Formia, con lo Spi Cgil provinciale parteciperanno alla Marcia della Pace Perugia- Assisi. Domenica 19 ottobre un bus partir\u00e0 da Latina alle 5 (con appuntamento davanti alla sede Inps) alla volta del capoluogo umbro e i pensionati della Cgil si metteranno in cammino con migliaia di persone, famiglie, scuole, associazioni ed enti locali contro tutte le guerre.<\/p>\n<p style=\"text-align: justify;\">&#8220;Un appuntamento importante perch\u00e9 ricorrono i cento anni dalla Prima guerra mondiale e perch\u00e9 nel mondo ci sono tante guerre, quelle fatte di tagliagole, di bombardamenti e quelle \u201cmeno visibili, ma non meno crudeli, che si combattono in campo economico e finanziario con mezzi altrettanto distruttivi di vite, di famiglie, di imprese\u201d, dicono dal sindacato del Pensionati di Latina. \u201cDopo cento anni di guerre e crimini contro l\u2019umanit\u00e0 \u00e8 venuto il tempo di riconoscere che la pace \u00e8 un diritto umano fondamentale della persona e dei popoli. Un diritto che deve essere effettivamente riconosciuto e applicato\u201d, \u00a0dicono gli organizzatori.<\/p>\n<p style=\"text-align: justify;\">Da Perugia ad Assisi il tratto non \u00e8 breve, \u00a024 Km che si possono percorrere in molti modi: fare solo un tratto della Marcia partendo da Ponte San Giovanni, Collestrada, Ospedalicchio o Bastia; attendere l\u2019arrivo della Marcia a Santa Maria degli Angeli e poi fare l\u2019ultimo tratto del percorso (circa 5 chilometri); attendere l\u2019arrivo della Marcia in piazza San Francesco ad Assisi e poi fare l\u2019ultimo tratto del percorso (circa 1 chilometro); attendere l\u2019arrivo della Marcia alla Rocca di Assisi e partecipare alla manifestazione conclusiva.<\/p>\n<p style=\"text-align: justify;\">La partecipazione all&#8217;evento \u00a0&#8211; rimarcano &#8211; \u00e8 un modo per dire che &#8220;anche i pensionati dello Spi Cgil non vogliono rimanere neutrali di fronte alla \u201cpericolosissima crisi della comunit\u00e0 internazionale\u201d (Giorgio Napolitano) e alla \u201cterza guerra mondiale combattuta a pezzi con crimini, massacri e distruzioni\u201d (Papa Francesco).<\/p>\n<p style=\"text-align: justify;\">\n<p style=\"text-align: justify;\">\n","protected":false},"excerpt":{"rendered":"<p>LATINA &#8211; Le Leghe Spi Cgil di Latina, Aprilia, Cisterna, Sezze Terracina e Formia, con lo Spi Cgil provinciale parteciperanno alla Marcia della Pace Perugia- Assisi. Domenica 19 ottobre un bus partir\u00e0 da Latina alle 5 (con appuntamento davanti alla sede Inps) alla volta del capoluogo umbro e i pensionati della Cgil si metteranno in [&hellip;]<\/p>\n","protected":false},"author":60,"featured_media":156602,"comment_status":"open","ping_status":"closed","sticky":false,"template":"","format":"standard","meta":{"footnotes":""},"categories":[16],"tags":[],"class_list":["post-156601","post","type-post","status-publish","format-standard","has-post-thumbnail","hentry","category-appuntamenti"],"_links":{"self":[{"href":"https:\/\/www.radioluna.it\/news\/wp-json\/wp\/v2\/posts\/156601","targetHints":{"allow":["GET"]}}],"collection":[{"href":"https:\/\/www.radioluna.it\/news\/wp-json\/wp\/v2\/posts"}],"about":[{"href":"https:\/\/www.radioluna.it\/news\/wp-json\/wp\/v2\/types\/post"}],"author":[{"embeddable":true,"href":"https:\/\/www.radioluna.it\/news\/wp-json\/wp\/v2\/users\/60"}],"replies":[{"embeddable":true,"href":"https:\/\/www.radioluna.it\/news\/wp-json\/wp\/v2\/comments?post=156601"}],"version-history":[{"count":0,"href":"https:\/\/www.radioluna.it\/news\/wp-json\/wp\/v2\/posts\/156601\/revisions"}],"wp:featuredmedia":[{"embeddable":true,"href":"https:\/\/www.radioluna.it\/news\/wp-json\/wp\/v2\/media\/156602"}],"wp:attachment":[{"href":"https:\/\/www.radioluna.it\/news\/wp-json\/wp\/v2\/media?parent=156601"}],"wp:term":[{"taxonomy":"category","embeddable":true,"href":"https:\/\/www.radioluna.it\/news\/wp-json\/wp\/v2\/categories?post=156601"},{"taxonomy":"post_tag","embeddable":true,"href":"https:\/\/www.radioluna.it\/news\/wp-json\/wp\/v2\/tags?post=156601"}],"curies":[{"name":"wp","href":"https:\/\/api.w.org\/{rel}","templated":true}]}}