{"id":156614,"date":"2014-10-15T17:41:44","date_gmt":"2014-10-15T15:41:44","guid":{"rendered":"http:\/\/www.radioluna.it\/news\/?p=156614"},"modified":"2014-10-15T17:41:44","modified_gmt":"2014-10-15T15:41:44","slug":"una-commissione-per-verificare-le-tariffe-per-il-consorzio-di-bonifica","status":"publish","type":"post","link":"https:\/\/www.radioluna.it\/news\/2014\/10\/una-commissione-per-verificare-le-tariffe-per-il-consorzio-di-bonifica\/","title":{"rendered":"Una commissione per verificare le tariffe per il Consorzio di bonifica"},"content":{"rendered":"<div id=\"fb-root\"><\/div>\n<p style=\"text-align: justify;\"><img loading=\"lazy\" decoding=\"async\" class=\"alignleft wp-image-122191 size-thumbnail\" src=\"http:\/\/www.radioluna.it\/news\/wp-content\/uploads\/2012\/06\/SAVERIO.VIOLA-2-150x150.jpg\" alt=\"SAVERIO.VIOLA (2)\" width=\"150\" height=\"150\" \/>LATINA &#8211;\u00a0\u00a0Tariffe 2013 per il Consorzio di bonifica di Latina, al via i lavori della commissione che si dovr\u00e0 occupare di verificare la congruit\u00e0 delle tariffe. E&#8217; stato il tema su cui \u00e8 tornato questa mattina\u00a0il direttore provinciale della Coldiretti di Latina, Saverio Viola. \u201cE\u2019 importantissimo \u2013 ha detto Viola, incontrando un gruppo nutrito di imprenditori agricoli del territorio pontino &#8211; che davvero, a stretto giro, l\u2019apposita commissione, che dovr\u00e0 esaminare l\u2019annosa questione, possa costituirsi ed avviare il proprio lavoro. C\u2019\u00e8 in scadenza la seconda rata relativa all\u2019anno 2103 e non si pu\u00f2 perdere altro tempo. Il nostro mondo ha bisogno di certezze. Verificare in modo attento l\u2019imputazione dei costi, che vedano a carico dell\u2019utenza, esclusivamente le spese di gestione e di ordinaria manutenzione, rappresenta una priorit\u00e0 per Coldiretti Latina. Invitiamo nuovamente, pertanto, chi di dovere a istituire e dare il via ai lavori della commissione. Solo cos\u00ec si potr\u00e0 tornare ad avere un clima di serenit\u00e0 in un momento difficoltoso per le aziende\u201d.<\/p>\n","protected":false},"excerpt":{"rendered":"<p>LATINA &#8211;\u00a0\u00a0Tariffe 2013 per il Consorzio di bonifica di Latina, al via i lavori della commissione che si dovr\u00e0 occupare di verificare la congruit\u00e0 delle tariffe. E&#8217; stato il tema su cui \u00e8 tornato questa mattina\u00a0il direttore provinciale della Coldiretti di Latina, Saverio Viola. \u201cE\u2019 importantissimo \u2013 ha detto Viola, incontrando un gruppo nutrito di [&hellip;]<\/p>\n","protected":false},"author":60,"featured_media":0,"comment_status":"open","ping_status":"closed","sticky":false,"template":"","format":"standard","meta":{"footnotes":""},"categories":[7,11],"tags":[],"class_list":["post-156614","post","type-post","status-publish","format-standard","hentry","category-cronaca","category-economia"],"_links":{"self":[{"href":"https:\/\/www.radioluna.it\/news\/wp-json\/wp\/v2\/posts\/156614","targetHints":{"allow":["GET"]}}],"collection":[{"href":"https:\/\/www.radioluna.it\/news\/wp-json\/wp\/v2\/posts"}],"about":[{"href":"https:\/\/www.radioluna.it\/news\/wp-json\/wp\/v2\/types\/post"}],"author":[{"embeddable":true,"href":"https:\/\/www.radioluna.it\/news\/wp-json\/wp\/v2\/users\/60"}],"replies":[{"embeddable":true,"href":"https:\/\/www.radioluna.it\/news\/wp-json\/wp\/v2\/comments?post=156614"}],"version-history":[{"count":0,"href":"https:\/\/www.radioluna.it\/news\/wp-json\/wp\/v2\/posts\/156614\/revisions"}],"wp:attachment":[{"href":"https:\/\/www.radioluna.it\/news\/wp-json\/wp\/v2\/media?parent=156614"}],"wp:term":[{"taxonomy":"category","embeddable":true,"href":"https:\/\/www.radioluna.it\/news\/wp-json\/wp\/v2\/categories?post=156614"},{"taxonomy":"post_tag","embeddable":true,"href":"https:\/\/www.radioluna.it\/news\/wp-json\/wp\/v2\/tags?post=156614"}],"curies":[{"name":"wp","href":"https:\/\/api.w.org\/{rel}","templated":true}]}}