{"id":156621,"date":"2014-10-15T19:53:20","date_gmt":"2014-10-15T17:53:20","guid":{"rendered":"http:\/\/www.radioluna.it\/news\/?p=156621"},"modified":"2014-10-15T19:54:57","modified_gmt":"2014-10-15T17:54:57","slug":"nicolo-dangelo-e-il-nuovo-questore-di-roma","status":"publish","type":"post","link":"https:\/\/www.radioluna.it\/news\/2014\/10\/nicolo-dangelo-e-il-nuovo-questore-di-roma\/","title":{"rendered":"Nicol\u00f2 D&#8217;Angelo \u00e8 il nuovo Questore di Roma"},"content":{"rendered":"<div id=\"fb-root\"><\/div>\n<p>&nbsp;<\/p>\n<p style=\"text-align: justify;\"><img loading=\"lazy\" decoding=\"async\" class=\"alignleft wp-image-24559 size-thumbnail\" src=\"http:\/\/www.radioluna.it\/news\/wp-content\/uploads\/2010\/10\/questore-dangelo2-150x150.jpg\" alt=\"questore d'angelo\" width=\"150\" height=\"150\" srcset=\"https:\/\/www.radioluna.it\/news\/wp-content\/uploads\/2010\/10\/questore-dangelo2-150x150.jpg 150w, https:\/\/www.radioluna.it\/news\/wp-content\/uploads\/2010\/10\/questore-dangelo2-300x300.jpg 300w, https:\/\/www.radioluna.it\/news\/wp-content\/uploads\/2010\/10\/questore-dangelo2-80x80.jpg 80w, https:\/\/www.radioluna.it\/news\/wp-content\/uploads\/2010\/10\/questore-dangelo2-35x35.jpg 35w, https:\/\/www.radioluna.it\/news\/wp-content\/uploads\/2010\/10\/questore-dangelo2-55x55.jpg 55w, https:\/\/www.radioluna.it\/news\/wp-content\/uploads\/2010\/10\/questore-dangelo2-45x45.jpg 45w, https:\/\/www.radioluna.it\/news\/wp-content\/uploads\/2010\/10\/questore-dangelo2-70x70.jpg 70w, https:\/\/www.radioluna.it\/news\/wp-content\/uploads\/2010\/10\/questore-dangelo2-110x110.jpg 110w\" sizes=\"auto, (max-width: 150px) 100vw, 150px\" \/>ROMA- Nicol\u00f2 D&#8217;Angelo \u00e8 il nuovo Questore di Roma e prende il posto di Massimo Maria Mazza. Per D&#8217;Angelo che per quattro anni \u00e8 stato Questore a Latina, tra il 2006 e il 2011, \u00e8 un riconoscimento importante per la sua lunga e brillante carriera. Nel capoluogo pontino D&#8217;Angelo ha lasciato tracce importanti sotto il profilo investigativo, a partire dalla risoluzione degli omicidi della cosiddetta guerra criminale scoppiata a Latina nel gennaio del 2010.<\/p>\n","protected":false},"excerpt":{"rendered":"<p>&nbsp; ROMA- Nicol\u00f2 D&#8217;Angelo \u00e8 il nuovo Questore di Roma e prende il posto di Massimo Maria Mazza. Per D&#8217;Angelo che per quattro anni \u00e8 stato Questore a Latina, tra il 2006 e il 2011, \u00e8 un riconoscimento importante per la sua lunga e brillante carriera. Nel capoluogo pontino D&#8217;Angelo ha lasciato tracce importanti sotto [&hellip;]<\/p>\n","protected":false},"author":60,"featured_media":24559,"comment_status":"open","ping_status":"closed","sticky":false,"template":"","format":"standard","meta":{"footnotes":""},"categories":[7],"tags":[],"class_list":["post-156621","post","type-post","status-publish","format-standard","has-post-thumbnail","hentry","category-cronaca"],"_links":{"self":[{"href":"https:\/\/www.radioluna.it\/news\/wp-json\/wp\/v2\/posts\/156621","targetHints":{"allow":["GET"]}}],"collection":[{"href":"https:\/\/www.radioluna.it\/news\/wp-json\/wp\/v2\/posts"}],"about":[{"href":"https:\/\/www.radioluna.it\/news\/wp-json\/wp\/v2\/types\/post"}],"author":[{"embeddable":true,"href":"https:\/\/www.radioluna.it\/news\/wp-json\/wp\/v2\/users\/60"}],"replies":[{"embeddable":true,"href":"https:\/\/www.radioluna.it\/news\/wp-json\/wp\/v2\/comments?post=156621"}],"version-history":[{"count":0,"href":"https:\/\/www.radioluna.it\/news\/wp-json\/wp\/v2\/posts\/156621\/revisions"}],"wp:featuredmedia":[{"embeddable":true,"href":"https:\/\/www.radioluna.it\/news\/wp-json\/wp\/v2\/media\/24559"}],"wp:attachment":[{"href":"https:\/\/www.radioluna.it\/news\/wp-json\/wp\/v2\/media?parent=156621"}],"wp:term":[{"taxonomy":"category","embeddable":true,"href":"https:\/\/www.radioluna.it\/news\/wp-json\/wp\/v2\/categories?post=156621"},{"taxonomy":"post_tag","embeddable":true,"href":"https:\/\/www.radioluna.it\/news\/wp-json\/wp\/v2\/tags?post=156621"}],"curies":[{"name":"wp","href":"https:\/\/api.w.org\/{rel}","templated":true}]}}